{"id":347826,"date":"2025-02-13T00:00:54","date_gmt":"2025-02-13T03:00:54","guid":{"rendered":"https:\/\/www.notibras.com\/site\/?p=347826"},"modified":"2025-02-13T06:38:17","modified_gmt":"2025-02-13T09:38:17","slug":"operacao-de-limpeza-chega-a-taguatinga-riacho-e-planaltina","status":"publish","type":"post","link":"https:\/\/www.notibras.com\/site\/operacao-de-limpeza-chega-a-taguatinga-riacho-e-planaltina\/","title":{"rendered":"Opera\u00e7\u00e3o de limpeza chega a Taguatinga, Riacho e Planaltina"},"content":{"rendered":"<p>A a\u00e7\u00e3o Mutir\u00e3o SLU com as RAs chega a Taguatinga, Riacho Fundo II e Planaltina nesta quinta (13), sexta (14) e s\u00e1bado (15). Esta \u00e9 a quarta edi\u00e7\u00e3o da a\u00e7\u00e3o que j\u00e1 retirou 7,6 mil toneladas de entulhos em Samambaia, Santa Maria, Gama, Ceil\u00e2ndia, S\u00e3o Sebasti\u00e3o, Sol Nascente\/P\u00f4r do Sol, Recanto das Emas e Arapoanga.<\/p>\n<p>O Mutir\u00e3o SLU com as RAs concentra esfor\u00e7os para eliminar pontos cr\u00edticos de descarte irregular e combater potenciais criadouros do mosquito da dengue. Paralelamente aos trabalhos de limpeza p\u00fablica, equipes de mobiliza\u00e7\u00e3o orientar\u00e3o os moradores sobre o descarte correto de res\u00edduos, dias e hor\u00e1rios das coletas na regi\u00e3o e a import\u00e2ncia de usar os papa-lixos e papa-entulhos para ajudar a manter a limpeza das cidades.<\/p>\n<p>Os mutir\u00f5es come\u00e7am \u00e0s 7h, com concentra\u00e7\u00e3o em frente \u00e0s administra\u00e7\u00f5es regionais das localidades atendidas.<\/p>\n","protected":false},"excerpt":{"rendered":"<p>A a\u00e7\u00e3o Mutir\u00e3o SLU com as RAs chega a Taguatinga, Riacho Fundo II e Planaltina nesta quinta (13), sexta (14) e s\u00e1bado (15). Esta \u00e9 a quarta edi\u00e7\u00e3o da a\u00e7\u00e3o que j\u00e1 retirou 7,6 mil toneladas de entulhos em Samambaia, Santa Maria, Gama, Ceil\u00e2ndia, S\u00e3o Sebasti\u00e3o, Sol Nascente\/P\u00f4r do Sol, Recanto das Emas e Arapoanga. [&hellip;]<\/p>\n","protected":false},"author":2,"featured_media":347827,"comment_status":"closed","ping_status":"closed","sticky":false,"template":"","format":"standard","meta":{"_acf_changed":false,"footnotes":""},"categories":[161],"tags":[],"class_list":["post-347826","post","type-post","status-publish","format-standard","has-post-thumbnail","hentry","category-quadradinho-em-foco"],"acf":[],"_links":{"self":[{"href":"https:\/\/www.notibras.com\/site\/wp-json\/wp\/v2\/posts\/347826","targetHints":{"allow":["GET"]}}],"collection":[{"href":"https:\/\/www.notibras.com\/site\/wp-json\/wp\/v2\/posts"}],"about":[{"href":"https:\/\/www.notibras.com\/site\/wp-json\/wp\/v2\/types\/post"}],"author":[{"embeddable":true,"href":"https:\/\/www.notibras.com\/site\/wp-json\/wp\/v2\/users\/2"}],"replies":[{"embeddable":true,"href":"https:\/\/www.notibras.com\/site\/wp-json\/wp\/v2\/comments?post=347826"}],"version-history":[{"count":1,"href":"https:\/\/www.notibras.com\/site\/wp-json\/wp\/v2\/posts\/347826\/revisions"}],"predecessor-version":[{"id":347828,"href":"https:\/\/www.notibras.com\/site\/wp-json\/wp\/v2\/posts\/347826\/revisions\/347828"}],"wp:featuredmedia":[{"embeddable":true,"href":"https:\/\/www.notibras.com\/site\/wp-json\/wp\/v2\/media\/347827"}],"wp:attachment":[{"href":"https:\/\/www.notibras.com\/site\/wp-json\/wp\/v2\/media?parent=347826"}],"wp:term":[{"taxonomy":"category","embeddable":true,"href":"https:\/\/www.notibras.com\/site\/wp-json\/wp\/v2\/categories?post=347826"},{"taxonomy":"post_tag","embeddable":true,"href":"https:\/\/www.notibras.com\/site\/wp-json\/wp\/v2\/tags?post=347826"}],"curies":[{"name":"wp","href":"https:\/\/api.w.org\/{rel}","templated":true}]}}