{"id":347865,"date":"2025-02-13T00:00:25","date_gmt":"2025-02-13T03:00:25","guid":{"rendered":"https:\/\/www.notibras.com\/site\/?p=347865"},"modified":"2025-02-13T08:49:56","modified_gmt":"2025-02-13T11:49:56","slug":"ministerio-suspende-servidores-de-penitenciaria-apos-fugas","status":"publish","type":"post","link":"https:\/\/www.notibras.com\/site\/ministerio-suspende-servidores-de-penitenciaria-apos-fugas\/","title":{"rendered":"Minist\u00e9rio suspende servidores de penitenci\u00e1ria ap\u00f3s fugas"},"content":{"rendered":"<p>O Minist\u00e9rio da Justi\u00e7a e Seguran\u00e7a P\u00fablica (MJSP) decidiu pela suspens\u00e3o, por 30 dias, de quatro servidores da Penitenci\u00e1ria Federal de Mossor\u00f3, no Rio Grande do Norte, por infra\u00e7\u00f5es relacionadas \u00e0 fuga de dois detentos da unidade, ocorrida em 14 de fevereiro do ano passado.<\/p>\n<p>Rog\u00e9rio da Silva Mendon\u00e7a e Deibson Cabral Nascimento conseguiram escapar pela abertura de uma lumin\u00e1ria nas celas, que foi alargada com a ajuda de uma ferramenta improvisada.<\/p>\n<p>A principal suspeita \u00e9 de que tenha ocorrido falha no procedimento de inspe\u00e7\u00e3o das celas, que teria sido realizado com demora excessiva, uma vez que os detentos precisaram de tempo consider\u00e1vel para desgastar as paredes de concreto.<\/p>\n<p>Foi a primeira fuga de uma penitenci\u00e1ria federal desde que foram criadas, em 2006, para abrigar criminosos de alta periculosidade e l\u00edderes de fac\u00e7\u00f5es criminosas. Os dois eram integrantes do Comando Vermelho e receberam ajuda ap\u00f3s sair da pris\u00e3o.<\/p>\n<p>Os detentos foram recapturados em Marab\u00e1 (PA), a cerca de 1,6 mil quil\u00f4metros do pres\u00eddio, depois de 50 dias de persegui\u00e7\u00f5es, que envolveram centenas de agentes de seguran\u00e7a.<\/p>\n<p>Desde que come\u00e7ou a apurar o caso, a Corregedoria da Secretaria Nacional de Pol\u00edticas Penais (Senappen) tem indicado n\u00e3o haver ind\u00edcios de corrup\u00e7\u00e3o por parte dos agentes penitenci\u00e1rios.<\/p>\n<p>Ao todo, foram abertos tr\u00eas processos administrativos disciplinares contra dez servidores. Uma dessas investiga\u00e7\u00f5es ainda n\u00e3o foi conclu\u00edda, enquanto outra resultou na assinatura de dois termos de ajustamento de conduta (TAC). No terceiro, a conclus\u00e3o foi pela suspens\u00e3o por 30 dias de quatro servidores.<\/p>\n<p>O Minist\u00e9rio da Justi\u00e7a n\u00e3o detalha quais infra\u00e7\u00f5es espec\u00edficas teriam sido cometidas pelos servidores afastados, alegando que os processos correm em sigilo. As suspens\u00f5es ainda n\u00e3o foram efetivadas, pois ainda est\u00e1 aberto o prazo para recurso contra a san\u00e7\u00e3o. Os nomes dos investigados tampouco foram revelados.<\/p>\n<p>Segundo a pasta, foram abertas tamb\u00e9m duas investiga\u00e7\u00f5es preliminares sum\u00e1rias. Em uma delas, foram assinados TAC com 17 servidores, que concordaram n\u00e3o reincidir nas infra\u00e7\u00f5es cometidas e participarem em cursos de reciclagem.<\/p>\n<p>Ap\u00f3s a recaptura dos detentos, o governo anunciou uma s\u00e9rie de medidas para assegurar que epis\u00f3dios similares n\u00e3o se repitam, incluindo a constru\u00e7\u00e3o de muralhas em todas as penitenci\u00e1rias federais.<\/p>\n<p>Nesta quinta-feira (13), v\u00e9spera de se completar 1 ano da fuga, o ministro da Justi\u00e7a e Seguran\u00e7a P\u00fablica, Ricardo Lewandowski, convidou a imprensa a participar de um evento no qual dever\u00e1 falar sobre o assunto. O encontro est\u00e1 marcado para as 16h.<\/p>\n","protected":false},"excerpt":{"rendered":"<p>O Minist\u00e9rio da Justi\u00e7a e Seguran\u00e7a P\u00fablica (MJSP) decidiu pela suspens\u00e3o, por 30 dias, de quatro servidores da Penitenci\u00e1ria Federal de Mossor\u00f3, no Rio Grande do Norte, por infra\u00e7\u00f5es relacionadas \u00e0 fuga de dois detentos da unidade, ocorrida em 14 de fevereiro do ano passado. Rog\u00e9rio da Silva Mendon\u00e7a e Deibson Cabral Nascimento conseguiram escapar [&hellip;]<\/p>\n","protected":false},"author":2,"featured_media":347866,"comment_status":"closed","ping_status":"closed","sticky":false,"template":"","format":"standard","meta":{"_acf_changed":false,"footnotes":""},"categories":[165],"tags":[],"class_list":["post-347865","post","type-post","status-publish","format-standard","has-post-thumbnail","hentry","category-nordeste"],"acf":[],"_links":{"self":[{"href":"https:\/\/www.notibras.com\/site\/wp-json\/wp\/v2\/posts\/347865","targetHints":{"allow":["GET"]}}],"collection":[{"href":"https:\/\/www.notibras.com\/site\/wp-json\/wp\/v2\/posts"}],"about":[{"href":"https:\/\/www.notibras.com\/site\/wp-json\/wp\/v2\/types\/post"}],"author":[{"embeddable":true,"href":"https:\/\/www.notibras.com\/site\/wp-json\/wp\/v2\/users\/2"}],"replies":[{"embeddable":true,"href":"https:\/\/www.notibras.com\/site\/wp-json\/wp\/v2\/comments?post=347865"}],"version-history":[{"count":1,"href":"https:\/\/www.notibras.com\/site\/wp-json\/wp\/v2\/posts\/347865\/revisions"}],"predecessor-version":[{"id":347867,"href":"https:\/\/www.notibras.com\/site\/wp-json\/wp\/v2\/posts\/347865\/revisions\/347867"}],"wp:featuredmedia":[{"embeddable":true,"href":"https:\/\/www.notibras.com\/site\/wp-json\/wp\/v2\/media\/347866"}],"wp:attachment":[{"href":"https:\/\/www.notibras.com\/site\/wp-json\/wp\/v2\/media?parent=347865"}],"wp:term":[{"taxonomy":"category","embeddable":true,"href":"https:\/\/www.notibras.com\/site\/wp-json\/wp\/v2\/categories?post=347865"},{"taxonomy":"post_tag","embeddable":true,"href":"https:\/\/www.notibras.com\/site\/wp-json\/wp\/v2\/tags?post=347865"}],"curies":[{"name":"wp","href":"https:\/\/api.w.org\/{rel}","templated":true}]}}