{"id":347891,"date":"2025-02-14T22:03:24","date_gmt":"2025-02-15T01:03:24","guid":{"rendered":"https:\/\/www.notibras.com\/site\/?p=347891"},"modified":"2025-02-15T08:04:33","modified_gmt":"2025-02-15T11:04:33","slug":"onibus-de-graca-para-o-povo-pode-levar-ibaneis-ao-palacio-do-planalto","status":"publish","type":"post","link":"https:\/\/www.notibras.com\/site\/onibus-de-graca-para-o-povo-pode-levar-ibaneis-ao-palacio-do-planalto\/","title":{"rendered":"\u00d4nibus de gra\u00e7a para o povo pode levar Ibaneis ao Pal\u00e1cio do Planalto"},"content":{"rendered":"<p>Os conservadores e autorit\u00e1rios, na democracia tupiniquim, como dizia o protofascista ex-governador ACM, da Bahia, usa o governo como os mestres do violino: ajeita ele com a esquerda e toca com a direita. \u00c9 o caso do que est\u00e1 acontecendo no Distrito Federal com possibilidade de ampla repercuss\u00e3o em todo o pa\u00eds, como mote eleitoral para 2026.<\/p>\n<p>O governador Ibaneis Rocha, direita pr\u00f3-Bolsonaro de carteirinha, age como a raposa que invade o galinheiro diante da porta aberta, para saborear as galinhas indefesas.<\/p>\n<p>Ibaneis, advogado rico e consagrado, que est\u00e1 vendo longe, joga com vara de dois bicos: pode ser candidato ao Senado, pelo MDB, mas, tamb\u00e9m, aposta na possibilidade de ser a arma do partido para disputar o Planalto em 2026.<\/p>\n<p>Sua proposi\u00e7\u00e3o de garantir transporte gr\u00e1tis para toda popula\u00e7\u00e3o do DF ganha cora\u00e7\u00f5es e mentes e embala direita e ultradireita com discurso popular.<\/p>\n<p>Inicialmente, ele jogou como isca transporte gr\u00e1tis.Como a repercuss\u00e3o est\u00e1 sendo bomb\u00e1stica, seus correligion\u00e1rios j\u00e1 antecipam que ela seria a bandeira dele para o pa\u00eds, caso venha a ser candidato.<\/p>\n<p>Como qualquer governante que toca a administra\u00e7\u00e3o p\u00fablica, Ibaneis Rocha sabe que o argumento de que o governo n\u00e3o tem dinheiro para bancar proposta popular dessa natureza \u00e9 conversa mole.<\/p>\n<p>O dinheiro existe e \u00e9 farto, basta exercitar as prioridades pol\u00edticas, voltadas para o interesse p\u00fablico, deixando de lado os privil\u00e9gios da minoria, especialmente, a que comp\u00f5e o mercado financeiro.<\/p>\n<p>Os n\u00fameros n\u00e3o mentem e deixam tudo claro.<\/p>\n<p>Do total do or\u00e7amento geral da Uni\u00e3o de R$ 4,63 trilh\u00f5es, realizado e pago em 2023, R$ 1,89 trilh\u00e3o destina-se ao pagamento de juros e amortiza\u00e7\u00f5es da d\u00edvida p\u00fablica, ou seja, 43,23%, segundo a Auditoria Cidad\u00e3 da D\u00edvida.<\/p>\n<p>Trata-se de volume de recursos que escorre pelo ralo, n\u00e3o contribui em nada para o desenvolvimento econ\u00f4mico sustent\u00e1vel, enquanto o restante, R$ 2,74 trilh\u00f5es est\u00e1 sujeito ao ajuste fiscal e monet\u00e1rio imposto de BC, juros abusivos, Selic de 13,25% ao ano para uma infla\u00e7\u00e3o de 4,8%.<\/p>\n<p>Para atender as demandas sociais, o ajuste fiscal n\u00e3o recai sobre o or\u00e7amento financeiro(R$ 1,89 trilh\u00e3o), mas sobre o or\u00e7amento que comanda a vida real da popula\u00e7\u00e3o(R$ 2,74 trilh\u00f5es).<\/p>\n<p>Dessa forma, faltam recursos, de forma generalizada, para o governo tocar a administra\u00e7\u00e3o p\u00fablica, dada a necessidade de encaminhar quase 40% do total do or\u00e7amento para a tirania financeira vigente, que inviabiliza a governabilidade efetiva.<\/p>\n<p>O que Ibaneis Rocha est\u00e1 enxergando?<\/p>\n<p>Que o dinheiro existe e sobra, podendo uma parte dele bancar as demandas sociais por transporte de qualidade e gratuito, e muito mais.<\/p>\n<p>Seria essa ou n\u00e3o bandeira da esquerda, que est\u00e1 no poder e pretende conduzir o presidente Lula para a reelei\u00e7\u00e3o em 2026?<\/p>\n<p>Ela, no entanto, tornou-se prisioneira do arcabou\u00e7o neoliberal.<\/p>\n<p>Por isso, deixa um espa\u00e7o enorme para a direita trabalhar e nadar de bra\u00e7ada, enquanto o discurso oficial se centra em economizar despesas para pagar juros da d\u00edvida p\u00fablica, que consome metade do or\u00e7amento geral da Uni\u00e3o.<\/p>\n<p>Ibaneis sabe que Bolsonaro, ineleg\u00edvel, pode ser condenado pelo STF, que, como declarou o ministro Gilmar Mendes, demonstrando ansiedade, est\u00e1 pronto para iniciar o julgamento dele.<\/p>\n<p>Se isso acontecer ainda neste primeiro semestre, as chances para surgimento de candidatos sucessores de Bolsonaro na prefer\u00eancia popular surgir\u00e3o aos mont\u00f5es, a depender de propostas que empolguem o eleitorado.<\/p>\n<p>H\u00e1, no momento em que a popula\u00e7\u00e3o padece de arrocho salarial, proveniente das reformas neoliberais, deteriorando seu poder de compra diante da infla\u00e7\u00e3o incontrol\u00e1vel de alimentos, proposta mais atrativa do que o transporte p\u00fablico gr\u00e1tis?<\/p>\n<p>Eleva imediatamente o poder de compra dos assalariados.<\/p>\n<p>Enquanto a palavra de ordem oficial for d\u00e9ficit or\u00e7ament\u00e1rio zero, que inviabiliza as demandas sociais, como esta que prop\u00f5e o governador do DF, de modo a garantir o privil\u00e9gio s\u00f3 para a Faria Lima, a direita estar\u00e1 livre para fazer proposi\u00e7\u00f5es que colocam a esquerda em sinuca de bico, dormindo de touca.<\/p>\n<p>&#8230;&#8230;&#8230;&#8230;&#8230;&#8230;&#8230;&#8230;&#8230;&#8230;&#8230;&#8230;&#8230;&#8230;&#8230;&#8230;<\/p>\n<p><strong>Mat\u00e9ria alterada \u00e0s 22h03 para corre\u00e7\u00e3o de informa\u00e7\u00e3o<\/strong><\/p>\n","protected":false},"excerpt":{"rendered":"<p>Os conservadores e autorit\u00e1rios, na democracia tupiniquim, como dizia o protofascista ex-governador ACM, da Bahia, usa o governo como os mestres do violino: ajeita ele com a esquerda e toca com a direita. \u00c9 o caso do que est\u00e1 acontecendo no Distrito Federal com possibilidade de ampla repercuss\u00e3o em todo o pa\u00eds, como mote eleitoral [&hellip;]<\/p>\n","protected":false},"author":2,"featured_media":347892,"comment_status":"closed","ping_status":"closed","sticky":false,"template":"","format":"standard","meta":{"_acf_changed":false,"footnotes":""},"categories":[161],"tags":[95],"class_list":["post-347891","post","type-post","status-publish","format-standard","has-post-thumbnail","hentry","category-quadradinho-em-foco","tag-capa"],"acf":[],"_links":{"self":[{"href":"https:\/\/www.notibras.com\/site\/wp-json\/wp\/v2\/posts\/347891","targetHints":{"allow":["GET"]}}],"collection":[{"href":"https:\/\/www.notibras.com\/site\/wp-json\/wp\/v2\/posts"}],"about":[{"href":"https:\/\/www.notibras.com\/site\/wp-json\/wp\/v2\/types\/post"}],"author":[{"embeddable":true,"href":"https:\/\/www.notibras.com\/site\/wp-json\/wp\/v2\/users\/2"}],"replies":[{"embeddable":true,"href":"https:\/\/www.notibras.com\/site\/wp-json\/wp\/v2\/comments?post=347891"}],"version-history":[{"count":5,"href":"https:\/\/www.notibras.com\/site\/wp-json\/wp\/v2\/posts\/347891\/revisions"}],"predecessor-version":[{"id":348021,"href":"https:\/\/www.notibras.com\/site\/wp-json\/wp\/v2\/posts\/347891\/revisions\/348021"}],"wp:featuredmedia":[{"embeddable":true,"href":"https:\/\/www.notibras.com\/site\/wp-json\/wp\/v2\/media\/347892"}],"wp:attachment":[{"href":"https:\/\/www.notibras.com\/site\/wp-json\/wp\/v2\/media?parent=347891"}],"wp:term":[{"taxonomy":"category","embeddable":true,"href":"https:\/\/www.notibras.com\/site\/wp-json\/wp\/v2\/categories?post=347891"},{"taxonomy":"post_tag","embeddable":true,"href":"https:\/\/www.notibras.com\/site\/wp-json\/wp\/v2\/tags?post=347891"}],"curies":[{"name":"wp","href":"https:\/\/api.w.org\/{rel}","templated":true}]}}