{"id":347900,"date":"2025-02-14T00:01:36","date_gmt":"2025-02-14T03:01:36","guid":{"rendered":"https:\/\/www.notibras.com\/site\/?p=347900"},"modified":"2025-02-14T06:17:20","modified_gmt":"2025-02-14T09:17:20","slug":"csa-e-bahia-mostram-forca-e-goleiam-seus-adversarios","status":"publish","type":"post","link":"https:\/\/www.notibras.com\/site\/csa-e-bahia-mostram-forca-e-goleiam-seus-adversarios\/","title":{"rendered":"CSA e Bahia mostram for\u00e7a e goleiam seus advers\u00e1rios"},"content":{"rendered":"<p>Jogando no est\u00e1dio Rei Pel\u00e9, em Macei\u00f3, o CSA goleou o Sampaio Corr\u00eaa por 4 a 0, na noite desta quinta-feira (13), pela 3\u00aa rodada da fase de grupos da Copa do Nordeste. Com este resultado o Azul\u00e3o assumiu a vice-lideran\u00e7a do Grupo B da competi\u00e7\u00e3o com seis pontos. J\u00e1 a Bol\u00edvia Querida ocupa a lanterna da chave com apenas um ponto.<\/p>\n<p>Atuando diante de sua torcida, o CSA precisou de apenas quatro minutos para abrir o marcador, com o atacante Guilherme Cachoeira. Ap\u00f3s o gol inicial o Azul\u00e3o s\u00f3 voltou a alterar o placar ap\u00f3s o intervalo.<\/p>\n<p>O segundo saiu aos nove minutos da etapa final, com chute de canhota do volante \u00c1lvaro. Mas o artilheiro da partida foi Igor Bahia, que superou o goleiro Alan em duas oportunidades (aos 26 e aos 35 minutos) para dar n\u00fameros finais ao marcador.<\/p>\n<p><strong>Goleada do Bahia<\/strong><br \/>\nA lideran\u00e7a do Grupo B \u00e9 ocupada pelo Bahia, que na Arena Fonte Nova, em Salvador, goleou o Am\u00e9rica-RN por 5 a 1. Com este resultado, a equipe comandada pelo t\u00e9cnico Rog\u00e9rio Ceni chegou aos sete pontos.<\/p>\n","protected":false},"excerpt":{"rendered":"<p>Jogando no est\u00e1dio Rei Pel\u00e9, em Macei\u00f3, o CSA goleou o Sampaio Corr\u00eaa por 4 a 0, na noite desta quinta-feira (13), pela 3\u00aa rodada da fase de grupos da Copa do Nordeste. Com este resultado o Azul\u00e3o assumiu a vice-lideran\u00e7a do Grupo B da competi\u00e7\u00e3o com seis pontos. J\u00e1 a Bol\u00edvia Querida ocupa a [&hellip;]<\/p>\n","protected":false},"author":2,"featured_media":347901,"comment_status":"closed","ping_status":"closed","sticky":false,"template":"","format":"standard","meta":{"_acf_changed":false,"footnotes":""},"categories":[165],"tags":[],"class_list":["post-347900","post","type-post","status-publish","format-standard","has-post-thumbnail","hentry","category-nordeste"],"acf":[],"_links":{"self":[{"href":"https:\/\/www.notibras.com\/site\/wp-json\/wp\/v2\/posts\/347900","targetHints":{"allow":["GET"]}}],"collection":[{"href":"https:\/\/www.notibras.com\/site\/wp-json\/wp\/v2\/posts"}],"about":[{"href":"https:\/\/www.notibras.com\/site\/wp-json\/wp\/v2\/types\/post"}],"author":[{"embeddable":true,"href":"https:\/\/www.notibras.com\/site\/wp-json\/wp\/v2\/users\/2"}],"replies":[{"embeddable":true,"href":"https:\/\/www.notibras.com\/site\/wp-json\/wp\/v2\/comments?post=347900"}],"version-history":[{"count":1,"href":"https:\/\/www.notibras.com\/site\/wp-json\/wp\/v2\/posts\/347900\/revisions"}],"predecessor-version":[{"id":347902,"href":"https:\/\/www.notibras.com\/site\/wp-json\/wp\/v2\/posts\/347900\/revisions\/347902"}],"wp:featuredmedia":[{"embeddable":true,"href":"https:\/\/www.notibras.com\/site\/wp-json\/wp\/v2\/media\/347901"}],"wp:attachment":[{"href":"https:\/\/www.notibras.com\/site\/wp-json\/wp\/v2\/media?parent=347900"}],"wp:term":[{"taxonomy":"category","embeddable":true,"href":"https:\/\/www.notibras.com\/site\/wp-json\/wp\/v2\/categories?post=347900"},{"taxonomy":"post_tag","embeddable":true,"href":"https:\/\/www.notibras.com\/site\/wp-json\/wp\/v2\/tags?post=347900"}],"curies":[{"name":"wp","href":"https:\/\/api.w.org\/{rel}","templated":true}]}}