{"id":347909,"date":"2025-02-14T00:00:27","date_gmt":"2025-02-14T03:00:27","guid":{"rendered":"https:\/\/www.notibras.com\/site\/?p=347909"},"modified":"2025-02-14T06:39:36","modified_gmt":"2025-02-14T09:39:36","slug":"exposicao-em-sao-luis-celebra-a-carreira-artistica-da-marrom","status":"publish","type":"post","link":"https:\/\/www.notibras.com\/site\/exposicao-em-sao-luis-celebra-a-carreira-artistica-da-marrom\/","title":{"rendered":"Exposi\u00e7\u00e3o em S\u00e3o Lu\u00eds celebra a carreira art\u00edstica da Marrom"},"content":{"rendered":"<p>Ap\u00f3s ser reverenciada ao longo de 2024 em comemora\u00e7\u00e3o aos seus 50 anos de carreira, chegou a vez de a cantora Alcione ser homenageada na terra natal dela, S\u00e3o Lu\u00eds. A exposi\u00e7\u00e3o Com Amor, Alcione faz um grande passeio pela trajet\u00f3ria da &#8220;Dama do Samba\u201d, \u201cA Voz do Samba\u201d ou simplesmente da \u201cMarrom&#8221;, desde o in\u00edcio da carreira, no Gr\u00eamio L\u00edtero Recreativo Portugu\u00eas, em S\u00e3o Lu\u00eds, passando pelo amor pela cultura maranhense, pelo samba carioca e mostrando tamb\u00e9m o amor dela pela escola de samba Mangueira.<\/p>\n<p>A mostra, aberta na noite de quarta-feira (12), no Centro Cultural Vale Maranh\u00e3o, no centro hist\u00f3rico, traz, entre outras coisas, registros de apresenta\u00e7\u00f5es em mais de 30 pa\u00edses, do cotidiano, das parcerias e rende uma justa homenagem \u00e0 obra de uma das maiores vozes brasileiras.<\/p>\n<p>\u201cEssa exposi\u00e7\u00e3o \u00e9 um luxo! Acho que artista nenhum merece morrer sem ter uma exposi\u00e7\u00e3o desta. N\u00e3o que eu possa morrer. N\u00e3o! Sou muito feliz pelo trabalho dessa exposi\u00e7\u00e3o, ainda mais por ter sido realizada em S\u00e3o Lu\u00eds&#8221;, resumiu a cantora durante entrevista na abertura da exposi\u00e7\u00e3o<\/p>\n<p>A mostra permite que os f\u00e3s revivam a trajet\u00f3ria da carreira da artista, que eternizou m\u00fasicas como N\u00e3o deixe o samba morrer, Garoto maroto, Menino sem ju\u00edzo, Cajueiro velho, Meu \u00e9bano, entre tantas.<\/p>\n<p>O roteiro mostra os passos da sambista nas ladeiras do Morro de Mangueira, a amizade com os mais diversos artistas, as viagens ao redor do mundo, a amante da cultura maranhense que gira ao som das matracas do bumba meu boi.<\/p>\n<p>O visitante ainda poder\u00e1 experimentar o som contagiante dos tambores maranhenses presentes no Tambor de Crioula e no Bumba Meu Boi, al\u00e9m das baterias de escola de samba, que fazem parte da sonoridade da artista.<\/p>\n<p>Na exposi\u00e7\u00e3o, s\u00e3o expostas mais de 300 fotos do acervo de Alcione, al\u00e9m de figurinos emblem\u00e1ticos de v\u00e1rias fases da Rainha do Brilho, discos e objetos pessoais. Outro ponto de destaque \u00e9 a religiosidade da cantora, na forma de um altar constru\u00eddo com base nos relatos sobre as cren\u00e7as dela.<\/p>\n<p>Al\u00e9m disso, tamb\u00e9m est\u00e3o \u00e0 mostra as dezenas de pr\u00eamios recebidos ao longo da rica trajet\u00f3ria da maranhense, que gravou 42 \u00e1lbuns, ganhou 26 discos de ouro, 7 de platina e dois de platina duplos, al\u00e9m de DVDs. Um dos pr\u00eamios \u00e9 o Grammy Latino, na categoria Melhor \u00c1lbum.<\/p>\n<p>E o p\u00fablico tamb\u00e9m vai poder interagir com a obra da cantora, com uma jukebox na qual os visitantes podem escolher a trilha sonora da exposi\u00e7\u00e3o e soltar a voz no karaok\u00ea.<\/p>\n<p>A exposi\u00e7\u00e3o tem a curadoria de Deyla Rabelo, Gabriel Gutierrez e Luciana Gondim e ficar\u00e1 aberta at\u00e9 o dia 30 de agosto.<\/p>\n","protected":false},"excerpt":{"rendered":"<p>Ap\u00f3s ser reverenciada ao longo de 2024 em comemora\u00e7\u00e3o aos seus 50 anos de carreira, chegou a vez de a cantora Alcione ser homenageada na terra natal dela, S\u00e3o Lu\u00eds. A exposi\u00e7\u00e3o Com Amor, Alcione faz um grande passeio pela trajet\u00f3ria da &#8220;Dama do Samba\u201d, \u201cA Voz do Samba\u201d ou simplesmente da \u201cMarrom&#8221;, desde o [&hellip;]<\/p>\n","protected":false},"author":2,"featured_media":347910,"comment_status":"closed","ping_status":"closed","sticky":false,"template":"","format":"standard","meta":{"_acf_changed":false,"footnotes":""},"categories":[165],"tags":[],"class_list":["post-347909","post","type-post","status-publish","format-standard","has-post-thumbnail","hentry","category-nordeste"],"acf":[],"_links":{"self":[{"href":"https:\/\/www.notibras.com\/site\/wp-json\/wp\/v2\/posts\/347909","targetHints":{"allow":["GET"]}}],"collection":[{"href":"https:\/\/www.notibras.com\/site\/wp-json\/wp\/v2\/posts"}],"about":[{"href":"https:\/\/www.notibras.com\/site\/wp-json\/wp\/v2\/types\/post"}],"author":[{"embeddable":true,"href":"https:\/\/www.notibras.com\/site\/wp-json\/wp\/v2\/users\/2"}],"replies":[{"embeddable":true,"href":"https:\/\/www.notibras.com\/site\/wp-json\/wp\/v2\/comments?post=347909"}],"version-history":[{"count":1,"href":"https:\/\/www.notibras.com\/site\/wp-json\/wp\/v2\/posts\/347909\/revisions"}],"predecessor-version":[{"id":347911,"href":"https:\/\/www.notibras.com\/site\/wp-json\/wp\/v2\/posts\/347909\/revisions\/347911"}],"wp:featuredmedia":[{"embeddable":true,"href":"https:\/\/www.notibras.com\/site\/wp-json\/wp\/v2\/media\/347910"}],"wp:attachment":[{"href":"https:\/\/www.notibras.com\/site\/wp-json\/wp\/v2\/media?parent=347909"}],"wp:term":[{"taxonomy":"category","embeddable":true,"href":"https:\/\/www.notibras.com\/site\/wp-json\/wp\/v2\/categories?post=347909"},{"taxonomy":"post_tag","embeddable":true,"href":"https:\/\/www.notibras.com\/site\/wp-json\/wp\/v2\/tags?post=347909"}],"curies":[{"name":"wp","href":"https:\/\/api.w.org\/{rel}","templated":true}]}}