{"id":347912,"date":"2025-02-14T00:00:48","date_gmt":"2025-02-14T03:00:48","guid":{"rendered":"https:\/\/www.notibras.com\/site\/?p=347912"},"modified":"2025-02-14T06:47:24","modified_gmt":"2025-02-14T09:47:24","slug":"forca-tarefa-vai-apressar-recuperacao-da-igreja-de-sao-francisco","status":"publish","type":"post","link":"https:\/\/www.notibras.com\/site\/forca-tarefa-vai-apressar-recuperacao-da-igreja-de-sao-francisco\/","title":{"rendered":"For\u00e7a-tarefa vai apressar recupera\u00e7\u00e3o da Igreja de S\u00e3o Francisco"},"content":{"rendered":"<p>Uma for\u00e7a-tarefa formada por 15 servidores do Instituto do Patrim\u00f4nio Hist\u00f3rico e Art\u00edstico Nacional (Iphan) come\u00e7ou a prestar apoio t\u00e9cnico \u00e0 superintend\u00eancia do \u00f3rg\u00e3o na Bahia visando contratar obras emergenciais para a Igreja de S\u00e3o Francisco, em Salvador. O local perdeu parte do forro do teto da nave central na \u00faltima quarta-feira (5) e foi interditado.<\/p>\n<p>Em nota, o Iphan informou que o grupo de servidores re\u00fane arquitetos e engenheiros \u201cde atua\u00e7\u00e3o destacada\u201d \u2013 a maioria com mais de 15 anos dedicados ao \u00f3rg\u00e3o \u2013 oriundos da sede e de seis superintend\u00eancias, incluindo a da Bahia.<\/p>\n<p>\u201cA for\u00e7a-tarefa vai auxiliar na instru\u00e7\u00e3o processual e sele\u00e7\u00e3o da empresa que prestar\u00e1 os servi\u00e7os emergenciais no teto da igreja\u201d, informou o Iphan.<\/p>\n<p><strong>Estabiliza\u00e7\u00e3o<\/strong><br \/>\nA an\u00e1lise do processo, de acordo com o instituto, come\u00e7ou na madrugada do \u00faltimo dia 6 e os servi\u00e7os v\u00e3o englobar desde escoramento e estabiliza\u00e7\u00e3o do monumento at\u00e9 diagn\u00f3stico, triagem, cataloga\u00e7\u00e3o, higieniza\u00e7\u00e3o, prote\u00e7\u00e3o e armazenagem de estruturas e bens art\u00edsticos a serem restaurados e remontados em uma etapa posterior.<\/p>\n<p>A for\u00e7a-tarefa come\u00e7ou a operar na \u00faltima ter\u00e7a-feira (11) com alguns integrantes atuando a dist\u00e2ncia e outros, presencialmente, em sala exclusiva para o trabalho, montada na superintend\u00eancia do Iphan na Bahia. A previs\u00e3o \u00e9 que o grupo permane\u00e7a mobilizado, pelo menos, at\u00e9 21 de fevereiro.<\/p>\n<p><strong>Vistoria agendada<\/strong><br \/>\nEm entrevista a ministra da Cultura, Margareth Menezes disse que as avarias no teto da igreja foram sinalizadas ao Iphan pouco antes da queda e que uma vistoria estava agendada para ser feita no local.<\/p>\n<p>\u201cQuando foi sinalizada a quest\u00e3o do teto \u2013 que, inclusive, nem os pr\u00f3prios padres imaginavam que aquilo iria ceder, ou n\u00e3o abririam a igreja \u2013, eles deram entrada e, dois dias depois \u2013 isso \u00e9 protocolo do registro \u2013 j\u00e1 tinha sido marcada a visita dos t\u00e9cnicos do Iphan \u00e0 Igreja de S\u00e3o Francisco\u201d, assegurou.<\/p>\n<p>A ministra acrescentou que \u201cinfelizmente aconteceu um desastre com uma fatalidade e isso nos comove a todos. Mas est\u00e3o [sendo feitos] levantamentos e per\u00edcias\u201d, disse. \u201cEst\u00e3o debru\u00e7ados para atender\u201d, finalizou.<\/p>\n<p><strong>Outras interdi\u00e7\u00f5es<\/strong><br \/>\nA par\u00f3quia Nossa Senhora de Boa Viagem, tamb\u00e9m em Salvador, foi interditada esta semana ap\u00f3s passar por duas vistorias do Iphan. O an\u00fancio foi feito no perfil da igreja nas redes sociais. \u201cDevido ao ocorrido na Igreja de S\u00e3o Francisco, o Iphan realizou duas vistorias esta semana em nossa igreja e nos orientou a interdit\u00e1-la\u201d, especificou a par\u00f3quia.<\/p>\n<p>Na \u00faltima ter\u00e7a-feira (11), uma equipe do Iphan no Amazonas se reuniu com t\u00e9cnicos da Secretaria de Estado de Cultura e Economia Criativa e da Unidade Gestora de Projetos Especiais do governo estadual, al\u00e9m de representantes da Arquidiocese de Manaus, para avaliar solu\u00e7\u00f5es para a cobertura da Igreja de S\u00e3o Sebasti\u00e3o, em Manaus.<\/p>\n<p>No in\u00edcio de janeiro, a igreja foi interditada ap\u00f3s recomenda\u00e7\u00e3o do instituto visando garantir a seguran\u00e7a de pessoas que transitam na par\u00f3quia.<\/p>\n<p>\u201c\u00c9 preciso entender que existe um hist\u00f3rico e que nossa gest\u00e3o tem buscado se debru\u00e7ar sobre isso para dar continuidade a todas essas a\u00e7\u00f5es de restauro. \u00c9 uma coisa muito grande, precisa ter tamb\u00e9m um or\u00e7amento e, principalmente, m\u00e3o de obra. Uma m\u00e3o de obra especializada\u201d, destacou a ministra Margareth Menezes, ao comentar as interdi\u00e7\u00f5es.<\/p>\n","protected":false},"excerpt":{"rendered":"<p>Uma for\u00e7a-tarefa formada por 15 servidores do Instituto do Patrim\u00f4nio Hist\u00f3rico e Art\u00edstico Nacional (Iphan) come\u00e7ou a prestar apoio t\u00e9cnico \u00e0 superintend\u00eancia do \u00f3rg\u00e3o na Bahia visando contratar obras emergenciais para a Igreja de S\u00e3o Francisco, em Salvador. O local perdeu parte do forro do teto da nave central na \u00faltima quarta-feira (5) e foi [&hellip;]<\/p>\n","protected":false},"author":2,"featured_media":347913,"comment_status":"closed","ping_status":"closed","sticky":false,"template":"","format":"standard","meta":{"_acf_changed":false,"footnotes":""},"categories":[165],"tags":[],"class_list":["post-347912","post","type-post","status-publish","format-standard","has-post-thumbnail","hentry","category-nordeste"],"acf":[],"_links":{"self":[{"href":"https:\/\/www.notibras.com\/site\/wp-json\/wp\/v2\/posts\/347912","targetHints":{"allow":["GET"]}}],"collection":[{"href":"https:\/\/www.notibras.com\/site\/wp-json\/wp\/v2\/posts"}],"about":[{"href":"https:\/\/www.notibras.com\/site\/wp-json\/wp\/v2\/types\/post"}],"author":[{"embeddable":true,"href":"https:\/\/www.notibras.com\/site\/wp-json\/wp\/v2\/users\/2"}],"replies":[{"embeddable":true,"href":"https:\/\/www.notibras.com\/site\/wp-json\/wp\/v2\/comments?post=347912"}],"version-history":[{"count":1,"href":"https:\/\/www.notibras.com\/site\/wp-json\/wp\/v2\/posts\/347912\/revisions"}],"predecessor-version":[{"id":347914,"href":"https:\/\/www.notibras.com\/site\/wp-json\/wp\/v2\/posts\/347912\/revisions\/347914"}],"wp:featuredmedia":[{"embeddable":true,"href":"https:\/\/www.notibras.com\/site\/wp-json\/wp\/v2\/media\/347913"}],"wp:attachment":[{"href":"https:\/\/www.notibras.com\/site\/wp-json\/wp\/v2\/media?parent=347912"}],"wp:term":[{"taxonomy":"category","embeddable":true,"href":"https:\/\/www.notibras.com\/site\/wp-json\/wp\/v2\/categories?post=347912"},{"taxonomy":"post_tag","embeddable":true,"href":"https:\/\/www.notibras.com\/site\/wp-json\/wp\/v2\/tags?post=347912"}],"curies":[{"name":"wp","href":"https:\/\/api.w.org\/{rel}","templated":true}]}}