{"id":347938,"date":"2025-02-14T12:29:39","date_gmt":"2025-02-14T15:29:39","guid":{"rendered":"https:\/\/www.notibras.com\/site\/?p=347938"},"modified":"2025-02-14T12:32:12","modified_gmt":"2025-02-14T15:32:12","slug":"amor-platonico-vira-real-e-surge-a-figura-dos-dois-casais-juntos-separados","status":"publish","type":"post","link":"https:\/\/www.notibras.com\/site\/amor-platonico-vira-real-e-surge-a-figura-dos-dois-casais-juntos-separados\/","title":{"rendered":"Amor plat\u00f4nico vira real e surge a figura dos dois casais juntos-separados"},"content":{"rendered":"<p>Lucimara, esposa do Osvaldo, viveu um amor plat\u00f4nico at\u00e9 h\u00e1 pouco em rela\u00e7\u00e3o ao primo, J\u00falio. At\u00e9 h\u00e1 pouco n\u00e3o porque deixou de amar o sujeito, mas porque deixou de ser fruto de desejo para se tornar realidade. Uma realidade, n\u00e3o raro, que chegava a doer, n\u00e3o por conta de culpa ou receio de ser descoberta. A quest\u00e3o era outra.<\/p>\n<p>\u2014 Sabe, estou numa fase da vida, que j\u00e1 n\u00e3o me importo por nada.<\/p>\n<p>\u2014 Nada mesmo?<\/p>\n<p>\u2014 \u00c9, talvez eu esteja exagerando. Mas \u00e9 que s\u00e3o t\u00e3o poucas as coisas que me importam desde que deixei minha m\u00e3e decidir meu destino por mim.<\/p>\n<p>\u2014 Voc\u00ea diz em rela\u00e7\u00e3o ao seu casamento?<\/p>\n<p>\u2014 Sim. Sabe, nunca amei o Osvaldo. N\u00e3o que ele n\u00e3o seja um homem atencioso, apesar da falta de amor que sempre nos acompanhou.<\/p>\n<p>\u2014 Ele n\u00e3o te ama?<\/p>\n<p>\u2014 N\u00e3o acredito que me ame. Mas casais que est\u00e3o juntos h\u00e1 tanto tempo s\u00e3o assim. Ou estou enganada?<\/p>\n<p>\u2014 Mas e no in\u00edcio?<\/p>\n<p>\u2014 O que tem?<\/p>\n<p>\u2014 Ele deve ter te amado no in\u00edcio. Afinal, ele se casou com voc\u00ea.<\/p>\n<p>\u2014 N\u00e3o. Voc\u00ea n\u00e3o t\u00e1 entendendo. Naquele tempo, as pessoas se casavam por casar. Chegava a hora, os jovens eram empurrados para o altar pelos pais, talvez preocupados das filhas ficarem para titia ou malfaladas.<\/p>\n<p>\u2014 T\u00e1, mas e os homens?<\/p>\n<p>\u2014 O que tem os homens?<\/p>\n<p>\u2014 Eles tamb\u00e9m eram empurrados para o altar?<\/p>\n<p>\u2014 Alguns, sim, mas por outros motivos. A senhora sabe, naquele tempo o preconceito era ainda mais forte do que hoje em dia.<\/p>\n<p>\u2014 T\u00e1, mas voc\u00eas tiveram filhos.<\/p>\n<p>\u2014 Doutora, at\u00e9 mesmo os homens menos interessados podem procriar.<\/p>\n<p>\u2014 Sei disso, mas&#8230;<\/p>\n<p>\u2014 N\u00e3o \u00e9 o caso do Osvaldo. No caso dele, \u00e9 porque ele foi acostumado a receber ordens da m\u00e3e, das irm\u00e3s. Sabe, ele \u00e9 o ca\u00e7ula.<\/p>\n<p>\u2014 Hum&#8230;T\u00e1, mas e o J\u00falio? Onde entra nessa hist\u00f3ria?<\/p>\n<p>\u2014 Somos primos. Mam\u00e3e era irm\u00e3 da m\u00e3e dele. Crescemos juntos e, desde crian\u00e7a, ele sempre foi o grande amor da minha vida. Mas a vida nos separou quando chegou o tempo dele buscar emprego aqui em Bras\u00edlia. Nessa \u00e9poca, mor\u00e1vamos em Catal\u00e3o. A senhora conhece Catal\u00e3o?<\/p>\n<p>\u2014 Fica em Goi\u00e1s, n\u00e9?<\/p>\n<p>\u2014 Isso. \u00c9 divisa com Minas.<\/p>\n<p>\u2014 J\u00e1 passei algumas vezes por ali indo para S\u00e3o Paulo.<\/p>\n<p>\u2014 \u00c9 caminho.<\/p>\n<p>\u2014 Mas o J\u00falio e voc\u00ea tiveram algo antes dele vim pra c\u00e1?<\/p>\n<p>\u2014 Bem, \u00e9ramos primos&#8230;<\/p>\n<p>\u2014 E?<\/p>\n<p>\u2014 Bem, a senhora sabe, n\u00e9?<\/p>\n<p>\u2014 N\u00e3o.<\/p>\n<p>\u2014 A senhora nunca teve algo com um primo?<\/p>\n<p>\u2014 Meus pais s\u00e3o filhos \u00fanicos.<\/p>\n<p>\u2014 Que pena.<\/p>\n<p>\u2014 Lucimara, n\u00e3o estamos aqui para falar sobre a minha vida amorosa.<\/p>\n<p>\u2014 Desculpe.<\/p>\n<p>Ap\u00f3s um instante de sil\u00eancio, a paciente voltou a falar.<\/p>\n<p>\u2014 Bem, o J\u00falio e eu come\u00e7amos um namoro pouco antes da vinda dele pra c\u00e1. Nada muito s\u00e9rio, talvez, mas que, j\u00e1 naquela \u00e9poca, eu imaginava que seria para sempre. Ele n\u00e3o voltou mais para Catal\u00e3o. Enquanto isso, mam\u00e3e me disse que eu j\u00e1 estava passando da hora de casar e, ent\u00e3o, acabei no altar com o Osvaldo, que j\u00e1 morava em Bras\u00edlia. Por isso, vim pra c\u00e1 em 1973. Formamos fam\u00edlia, tr\u00eas filhos, dois rapazes e uma mo\u00e7a.<\/p>\n<p>\u2014 Ent\u00e3o, voc\u00ea era feliz, n\u00e9?<\/p>\n<p>\u2014 Feliz, feliz, creio que n\u00e3o. M\u00e3es n\u00e3o t\u00eam tempo pra pensar em felicidade.<\/p>\n<p>\u2014 Entendo.<\/p>\n<p>\u2014 Quando as crian\u00e7as j\u00e1 estavam crescidas, reencontrei o J\u00falio e a M\u00e1rcia no supermercado. M\u00e1rcia \u00e9 a esposa do J\u00falio. Foi um choque pra mim. N\u00e3o que eu tivesse esperan\u00e7a de ter o J\u00falio de volta, mas n\u00e3o estava preparada para v\u00ea-lo com outra.<\/p>\n<p>\u2014E isso foi quando?<\/p>\n<p>\u2014 No dia 16 de agosto de 2022.<\/p>\n<p>\u2014 Recente.<\/p>\n<p>\u2014 Sim.<\/p>\n<p>\u2014 Voc\u00ea tem boa mem\u00f3ria.<\/p>\n<p>\u2014 E como me esquecer da data do nosso reencontro, doutora?<\/p>\n<p>\u2014 \u00c9 verdade.<\/p>\n<p>\u2014 Pouco antes do Natal daquele ano, exatamente no dia 19 de dezembro, J\u00falio e eu tivemos nosso primeiro encontro. Foi m\u00e1gico! Como dois jovens tentando recuperar todos aqueles anos perdidos.<\/p>\n<p>\u2014 E como est\u00e3o as coisas hoje?<\/p>\n<p>\u2014 Sabe&#8230; O J\u00falio \u00e9 o grande amor da minha vida. N\u00e3o sei se sou o da vida dele. Suponho que sim. \u00c0s vezes, penso tamb\u00e9m que isso \u00e9 uma grande ilus\u00e3o. N\u00e3o sei. H\u00e1 momentos em que n\u00e3o sei se \u00e9 verdade, ou se eu cultivei esse amor e ele n\u00e3o morreu apenas por isso.<\/p>\n<p>\u2014 Arrependida?<\/p>\n<p>\u2014 N\u00e3o, n\u00e3o! Hoje penso de modo pr\u00e1tico. Se ficasse sem ele hoje, n\u00e3o ia sentir muito. Ficar sem ele, assim, se ele chegasse e dissesse que n\u00e3o queria mais&#8230; Entende?<\/p>\n<p>\u2014 Sim. Ser\u00e1 que voc\u00ea se acostumou?<\/p>\n<p>\u2014 N\u00e3o sei. Esses dias, estava pensando que voltei pra ele s\u00f3 pra provar que o teria de volta. H\u00e1 momentos em que tenho esses pensamentos. Mas o amo desde crian\u00e7a. Eu vivia dizendo que ia casar com ele.<\/p>\n<p>\u2014 N\u00e3o se casou, mas est\u00e3o juntos hoje em dia.<\/p>\n<p>\u2014 M\u00eas que vem faz um ano e meio. Sabe&#8230; Bem, \u00e9 um amor limitado. A gente n\u00e3o tem liberdade. Somos s\u00f3 n\u00f3s dois, entre quatro paredes. Eu n\u00e3o posso gritar aos quatro cantos. Acho que isso limita meus pensamentos tamb\u00e9m. \u00c9 um amor limitado.<\/p>\n<p>\u2014 Mas os relacionamentos n\u00e3o s\u00e3o iguais. Olha voc\u00ea e o Osvaldo. Voc\u00eas s\u00e3o casados para o mundo, mas n\u00e3o dormem nem na mesma cama. E n\u00e3o estou aqui te julgando, apenas reproduzindo o que voc\u00ea j\u00e1 me disse na semana passada.<\/p>\n<p>\u2014 E o J\u00falio tamb\u00e9m n\u00e3o dorme com a esposa dele. Quer dizer, n\u00e3o se relaciona com ela. Entende, n\u00e9?<\/p>\n<p>\u2014 Sim.<\/p>\n<p>\u2014 Pois \u00e9, doutora&#8230; Nem nos meus piores pesadelos pensei que fosse casar com um e viver com outro.<\/p>\n<p>\u2014 Dois casais juntos-separados.<\/p>\n<p>\u2014 Exatamente, doutora. Pois \u00e9, mas foi o que falei pra senhora, n\u00e3o temos liberdade. E o J\u00falio fica querendo ir aqui perto, como em Piren\u00f3polis, Salto do Corumb\u00e1, Caldas Novas, mas nestes lugares n\u00e3o falta gente conhecida. A senhora sabe, n\u00e9? Bras\u00edlia \u00e9 um ovo.<\/p>\n<p>\u2014 \u00c9 verdade.<\/p>\n<p>\u2014 Olha a fofoca que daria!<\/p>\n<p>\u2014 Um fuzu\u00ea danado.<\/p>\n<p>\u2014 Pois \u00e9, doutora. Mas eu n\u00e3o tenho estrutura psicol\u00f3gica pra isso. Nunca tive.<\/p>\n<p>\u2014 Lucimara, a nossa hora acabou. Te vejo na semana que vem?<\/p>\n<p>\u2014 Nossa, como o tempo voou! O J\u00falio j\u00e1 deve estar me esperando l\u00e1 embaixo. Ele conseguiu dar uma escapada do trabalho.<\/p>\n<p>Lucimara, j\u00e1 no elevador, deu o \u00faltimo retoque na maquiagem, enquanto reproduzia mentalmente seu mantra: &#8220;Vamos l\u00e1, garota! Um dia de cada vez, um dia de cada vez!&#8221;<\/p>\n<p>&#8230;&#8230;&#8230;&#8230;&#8230;&#8230;&#8230;&#8230;&#8230;&#8230;&#8230;&#8230;&#8230;&#8230;&#8230;&#8230;&#8230;&#8230;.<\/p>\n<p><strong>Eduardo Mart\u00ednez \u00e9 autor do livro 57 Contos e Cr\u00f4nicas por um Autor Muito Velho\u2019<\/strong><\/p>\n<p>Compre aqui\u00a0<span class=\"x19la9d6 x1fc57z9 x6ikm8r x10wlt62 x19co3pv x1g5zs5t xfibh0p xiy17q3 x1xsqp64 x1lkfr7t xexx8yu x4uap5 x18d9i69 xkhd6sd\"><span class=\"xrtxmta x1bhl96m\"><img decoding=\"async\" class=\"emoji\" role=\"img\" draggable=\"false\" src=\"https:\/\/s.w.org\/images\/core\/emoji\/15.0.3\/svg\/1f447-1f3ff.svg\" alt=\"&#x1f447;&#x1f3ff;\" \/><\/span><\/span><\/p>\n<p><a href=\"https:\/\/www.joanineditora.com.br\/57-contos-e-cronicas-por-um-autor-muito-velho\">https:\/\/www.joanineditora.com.br\/57-contos-e-cronicas-por-um-autor-muito-velho<\/a><\/p>\n","protected":false},"excerpt":{"rendered":"<p>Lucimara, esposa do Osvaldo, viveu um amor plat\u00f4nico at\u00e9 h\u00e1 pouco em rela\u00e7\u00e3o ao primo, J\u00falio. At\u00e9 h\u00e1 pouco n\u00e3o porque deixou de amar o sujeito, mas porque deixou de ser fruto de desejo para se tornar realidade. Uma realidade, n\u00e3o raro, que chegava a doer, n\u00e3o por conta de culpa ou receio de ser [&hellip;]<\/p>\n","protected":false},"author":2,"featured_media":347939,"comment_status":"closed","ping_status":"closed","sticky":false,"template":"","format":"standard","meta":{"_acf_changed":false,"footnotes":""},"categories":[161],"tags":[],"class_list":["post-347938","post","type-post","status-publish","format-standard","has-post-thumbnail","hentry","category-quadradinho-em-foco"],"acf":[],"_links":{"self":[{"href":"https:\/\/www.notibras.com\/site\/wp-json\/wp\/v2\/posts\/347938","targetHints":{"allow":["GET"]}}],"collection":[{"href":"https:\/\/www.notibras.com\/site\/wp-json\/wp\/v2\/posts"}],"about":[{"href":"https:\/\/www.notibras.com\/site\/wp-json\/wp\/v2\/types\/post"}],"author":[{"embeddable":true,"href":"https:\/\/www.notibras.com\/site\/wp-json\/wp\/v2\/users\/2"}],"replies":[{"embeddable":true,"href":"https:\/\/www.notibras.com\/site\/wp-json\/wp\/v2\/comments?post=347938"}],"version-history":[{"count":3,"href":"https:\/\/www.notibras.com\/site\/wp-json\/wp\/v2\/posts\/347938\/revisions"}],"predecessor-version":[{"id":347942,"href":"https:\/\/www.notibras.com\/site\/wp-json\/wp\/v2\/posts\/347938\/revisions\/347942"}],"wp:featuredmedia":[{"embeddable":true,"href":"https:\/\/www.notibras.com\/site\/wp-json\/wp\/v2\/media\/347939"}],"wp:attachment":[{"href":"https:\/\/www.notibras.com\/site\/wp-json\/wp\/v2\/media?parent=347938"}],"wp:term":[{"taxonomy":"category","embeddable":true,"href":"https:\/\/www.notibras.com\/site\/wp-json\/wp\/v2\/categories?post=347938"},{"taxonomy":"post_tag","embeddable":true,"href":"https:\/\/www.notibras.com\/site\/wp-json\/wp\/v2\/tags?post=347938"}],"curies":[{"name":"wp","href":"https:\/\/api.w.org\/{rel}","templated":true}]}}