{"id":347967,"date":"2025-02-15T06:00:41","date_gmt":"2025-02-15T09:00:41","guid":{"rendered":"https:\/\/www.notibras.com\/site\/?p=347967"},"modified":"2025-02-15T06:40:09","modified_gmt":"2025-02-15T09:40:09","slug":"votos-de-lula-comecam-a-secar-no-nordeste-como-a-terra-arida-do-sertao","status":"publish","type":"post","link":"https:\/\/www.notibras.com\/site\/votos-de-lula-comecam-a-secar-no-nordeste-como-a-terra-arida-do-sertao\/","title":{"rendered":"Votos de Lula come\u00e7am a secar no Nordeste como a terra \u00e1rida do sert\u00e3o"},"content":{"rendered":"<p>A mais recente pesquisa do Datafolha divulgada nesta sexta, 14, trouxe \u00e0 tona um cen\u00e1rio que nem o mais pessimista dos analistas pol\u00edticos poderia prever: a aprova\u00e7\u00e3o do presidente Luiz In\u00e1cio Lula da Silva despencou para m\u00edseros 24%, a pior marca de todos os seus mandatos.<\/p>\n<p>A reprova\u00e7\u00e3o, por sua vez, saltou de 34% para 41% em apenas dois meses. E onde antes ele era aclamado como um verdadeiro monarca, o Nordeste agora se revela seu calcanhar de Aquiles. Se \u00e9 que o sert\u00e3o vai virar mar, como profetiza o folclore nordestino, o tsunami est\u00e1 chegando bem antes das tempestades.<\/p>\n<p>Entre os nordestinos, o outrora &#8220;rei do sert\u00e3o&#8221; parece ter perdido a majestade. A regi\u00e3o que sempre o acolheu de bra\u00e7os abertos agora lhe vira as costas, decepcionada com promessas n\u00e3o cumpridas e uma realidade que insiste em n\u00e3o melhorar. Afinal, de que adianta um trono se o soberano n\u00e3o cuida de seus s\u00faditos?<\/p>\n<p>Para agravar o quadro, o pr\u00f3prio Lula, aos 79 anos, admite que n\u00e3o sabe se ter\u00e1 energias para disputar um quarto mandato no pr\u00f3ximo ano. Seria essa uma confiss\u00e3o de fraqueza ou apenas uma estrat\u00e9gia para angariar simpatia? De qualquer forma, o mito do l\u00edder infal\u00edvel est\u00e1 desmoronando, e o que resta \u00e9 apenas a sombra de um governante que j\u00e1 foi sin\u00f4nimo de esperan\u00e7a.<\/p>\n<p>O Nordeste, que sempre foi seu basti\u00e3o, agora se mostra c\u00e9tico. As pol\u00edticas sociais que na primeira d\u00e9cada deste s\u00e9culo encantaram a popula\u00e7\u00e3o local, parecem n\u00e3o surtir mais o mesmo efeito. A decep\u00e7\u00e3o \u00e9 palp\u00e1vel, e a confian\u00e7a no l\u00edder se esvai como \u00e1gua entre os dedos.<\/p>\n<p>Resta saber se Lula conseguir\u00e1 reverter esse cen\u00e1rio ou se seu legado ser\u00e1 marcado por essa queda vertiginosa. O tempo dir\u00e1 se o ex-metal\u00fargico ainda tem for\u00e7as para se reinventar ou se este \u00e9 o fim de uma era na pol\u00edtica brasileira. A oposi\u00e7\u00e3o comemora com euforia o resultado do Datafolha. E o Pal\u00e1cio do Planalto mergulha em trevas, pensando em um desenho tenebroso que est\u00e1 sendo tra\u00e7ado por quem, at\u00e9 hoje, se mostrava aliado.<\/p>\n<p>&#8230;&#8230;&#8230;&#8230;&#8230;&#8230;&#8230;&#8230;&#8230;&#8230;&#8230;&#8230;&#8230;&#8230;&#8230;&#8230;..<\/p>\n<p><strong>Jos\u00e9 Seabra \u00e9 Diretor da Sucursal Regional Nordeste de Notibras<\/strong><\/p>\n<p>&#8230;&#8230;&#8230;&#8230;&#8230;&#8230;&#8230;&#8230;&#8230;&#8230;&#8230;&#8230;&#8230;&#8230;&#8230;&#8230;&#8230;<\/p>\n<p><strong>Mat\u00e9ria alterada \u00e0s 06h00 para corre\u00e7\u00e3o de informa\u00e7\u00e3o<\/strong><\/p>\n","protected":false},"excerpt":{"rendered":"<p>A mais recente pesquisa do Datafolha divulgada nesta sexta, 14, trouxe \u00e0 tona um cen\u00e1rio que nem o mais pessimista dos analistas pol\u00edticos poderia prever: a aprova\u00e7\u00e3o do presidente Luiz In\u00e1cio Lula da Silva despencou para m\u00edseros 24%, a pior marca de todos os seus mandatos. A reprova\u00e7\u00e3o, por sua vez, saltou de 34% para [&hellip;]<\/p>\n","protected":false},"author":2,"featured_media":257933,"comment_status":"closed","ping_status":"closed","sticky":false,"template":"","format":"standard","meta":{"_acf_changed":false,"footnotes":""},"categories":[165],"tags":[],"class_list":["post-347967","post","type-post","status-publish","format-standard","has-post-thumbnail","hentry","category-nordeste"],"acf":[],"_links":{"self":[{"href":"https:\/\/www.notibras.com\/site\/wp-json\/wp\/v2\/posts\/347967","targetHints":{"allow":["GET"]}}],"collection":[{"href":"https:\/\/www.notibras.com\/site\/wp-json\/wp\/v2\/posts"}],"about":[{"href":"https:\/\/www.notibras.com\/site\/wp-json\/wp\/v2\/types\/post"}],"author":[{"embeddable":true,"href":"https:\/\/www.notibras.com\/site\/wp-json\/wp\/v2\/users\/2"}],"replies":[{"embeddable":true,"href":"https:\/\/www.notibras.com\/site\/wp-json\/wp\/v2\/comments?post=347967"}],"version-history":[{"count":4,"href":"https:\/\/www.notibras.com\/site\/wp-json\/wp\/v2\/posts\/347967\/revisions"}],"predecessor-version":[{"id":347997,"href":"https:\/\/www.notibras.com\/site\/wp-json\/wp\/v2\/posts\/347967\/revisions\/347997"}],"wp:featuredmedia":[{"embeddable":true,"href":"https:\/\/www.notibras.com\/site\/wp-json\/wp\/v2\/media\/257933"}],"wp:attachment":[{"href":"https:\/\/www.notibras.com\/site\/wp-json\/wp\/v2\/media?parent=347967"}],"wp:term":[{"taxonomy":"category","embeddable":true,"href":"https:\/\/www.notibras.com\/site\/wp-json\/wp\/v2\/categories?post=347967"},{"taxonomy":"post_tag","embeddable":true,"href":"https:\/\/www.notibras.com\/site\/wp-json\/wp\/v2\/tags?post=347967"}],"curies":[{"name":"wp","href":"https:\/\/api.w.org\/{rel}","templated":true}]}}