{"id":347998,"date":"2025-02-15T00:00:26","date_gmt":"2025-02-15T03:00:26","guid":{"rendered":"https:\/\/www.notibras.com\/site\/?p=347998"},"modified":"2025-02-15T07:01:21","modified_gmt":"2025-02-15T10:01:21","slug":"ministerio-da-saude-amplia-idade-para-receber-vacina-contra-aedes","status":"publish","type":"post","link":"https:\/\/www.notibras.com\/site\/ministerio-da-saude-amplia-idade-para-receber-vacina-contra-aedes\/","title":{"rendered":"Minist\u00e9rio da Sa\u00fade amplia idade para receber vacina contra Aedes"},"content":{"rendered":"<p>As vacinas contra a dengue que estiverem pr\u00f3ximas \u00e0s datas de vencimento poder\u00e3o ser aplicadas em pessoas com idades fora da faixa et\u00e1ria estipulada para o Sistema \u00danico de Sa\u00fade (SUS) e poder\u00e3o ser remanejadas para munic\u00edpios ainda n\u00e3o contemplados pela vacina\u00e7\u00e3o. Grande parte se encontra no Nordeste.<\/p>\n<p>A recomenda\u00e7\u00e3o est\u00e1 em nota t\u00e9cnica para todos os estados e o Distrito Federal publicada nesta sexta-feira (14). O objetivo, segundo a pasta, \u00e9 garantir que todos os imunizantes adquiridos cheguem \u00e0 popula\u00e7\u00e3o, ampliando a prote\u00e7\u00e3o contra a doen\u00e7a.<\/p>\n<p>Agora as doses com um prazo de 2 meses de validade poder\u00e3o ser remanejadas para munic\u00edpios ainda n\u00e3o contemplados pela vacina\u00e7\u00e3o contra dengue ou ser aplicadas em faixa et\u00e1ria ampliada, contemplando pessoas de 6 anos a 16 anos de idade.<\/p>\n<p>J\u00e1 para as vacinas que completarem 1 m\u00eas de validade, a estrat\u00e9gia poder\u00e1 ser expandida at\u00e9 o limite et\u00e1rio especificado na bula da vacina, abrangendo a faixa et\u00e1ria de 4 anos a 59 anos, 11 meses e 29 dias de idade.<\/p>\n<p>O imunizante, no \u00e2mbito do SUS, \u00e9 voltado para aqueles com idade entre 10 anos e 14 anos.<\/p>\n<p>De acordo com o Minist\u00e9rio, a expans\u00e3o do p\u00fablico-alvo deve considerar a disponibilidade de doses e a situa\u00e7\u00e3o epidemiol\u00f3gica de cada estado e munic\u00edpio. Al\u00e9m disso, a pasta deve ser devidamente informada pelas unidades federativas sobre a implementa\u00e7\u00e3o da estrat\u00e9gia tempor\u00e1ria de amplia\u00e7\u00e3o da vacina\u00e7\u00e3o.<\/p>\n<p>Todas as doses administradas devem ser registradas na Rede Nacional de Dados em Sa\u00fade (RNDS) de forma a garantir a segunda dose e o monitoramento completo do processo de imuniza\u00e7\u00e3o.<\/p>\n<p><strong>Busca ativa<\/strong><br \/>\nPara completar o esquema vacinal, \u00e9 preciso tomar duas doses da vacina, o que garante a imuniza\u00e7\u00e3o oferecida pela vacina.<\/p>\n<p>Segundo o Minist\u00e9rio da Sa\u00fade, em 2024, 6,5 milh\u00f5es de doses foram enviadas aos estados e munic\u00edpios, mas apenas 3,8 milh\u00f5es foram aplicadas. A situa\u00e7\u00e3o \u00e9 ainda mais preocupante entre os adolescentes. Aproximadamente 1,3 milh\u00e3o de jovens que iniciaram o esquema vacinal n\u00e3o retornaram para a segunda dose.<\/p>\n<p>O minist\u00e9rio recomenda que estados e munic\u00edpios intensifiquem as estrat\u00e9gias de busca ativa, identificando e mobilizando aqueles que ainda n\u00e3o completaram o esquema vacinal.<\/p>\n<p><strong>Vacina<\/strong><br \/>\nO Brasil foi o primeiro pa\u00eds do mundo a oferecer o imunizante no sistema p\u00fablico universal. A vacina\u00e7\u00e3o no pa\u00eds teve in\u00edcio em fevereiro de 2024 em 315 munic\u00edpios e, desde ent\u00e3o, vem sendo ampliada, chegando atualmente a 1.921 munic\u00edpios, de acordo com o Minist\u00e9rio da Sa\u00fade.<\/p>\n<p>Em 2024, a vacina da dengue foi incorporada ao SUS para o p\u00fablico de 10 anos a 14 anos de idade que reside em localidades priorit\u00e1rias, conforme crit\u00e9rios definidos a partir do cen\u00e1rio epidemiol\u00f3gico da doen\u00e7a no pa\u00eds e decis\u00e3o pactuada com estados e munic\u00edpios na Comiss\u00e3o Intergestores Tripartite (CIT).<\/p>\n","protected":false},"excerpt":{"rendered":"<p>As vacinas contra a dengue que estiverem pr\u00f3ximas \u00e0s datas de vencimento poder\u00e3o ser aplicadas em pessoas com idades fora da faixa et\u00e1ria estipulada para o Sistema \u00danico de Sa\u00fade (SUS) e poder\u00e3o ser remanejadas para munic\u00edpios ainda n\u00e3o contemplados pela vacina\u00e7\u00e3o. Grande parte se encontra no Nordeste. A recomenda\u00e7\u00e3o est\u00e1 em nota t\u00e9cnica para [&hellip;]<\/p>\n","protected":false},"author":2,"featured_media":347999,"comment_status":"closed","ping_status":"closed","sticky":false,"template":"","format":"standard","meta":{"_acf_changed":false,"footnotes":""},"categories":[165],"tags":[],"class_list":["post-347998","post","type-post","status-publish","format-standard","has-post-thumbnail","hentry","category-nordeste"],"acf":[],"_links":{"self":[{"href":"https:\/\/www.notibras.com\/site\/wp-json\/wp\/v2\/posts\/347998","targetHints":{"allow":["GET"]}}],"collection":[{"href":"https:\/\/www.notibras.com\/site\/wp-json\/wp\/v2\/posts"}],"about":[{"href":"https:\/\/www.notibras.com\/site\/wp-json\/wp\/v2\/types\/post"}],"author":[{"embeddable":true,"href":"https:\/\/www.notibras.com\/site\/wp-json\/wp\/v2\/users\/2"}],"replies":[{"embeddable":true,"href":"https:\/\/www.notibras.com\/site\/wp-json\/wp\/v2\/comments?post=347998"}],"version-history":[{"count":1,"href":"https:\/\/www.notibras.com\/site\/wp-json\/wp\/v2\/posts\/347998\/revisions"}],"predecessor-version":[{"id":348000,"href":"https:\/\/www.notibras.com\/site\/wp-json\/wp\/v2\/posts\/347998\/revisions\/348000"}],"wp:featuredmedia":[{"embeddable":true,"href":"https:\/\/www.notibras.com\/site\/wp-json\/wp\/v2\/media\/347999"}],"wp:attachment":[{"href":"https:\/\/www.notibras.com\/site\/wp-json\/wp\/v2\/media?parent=347998"}],"wp:term":[{"taxonomy":"category","embeddable":true,"href":"https:\/\/www.notibras.com\/site\/wp-json\/wp\/v2\/categories?post=347998"},{"taxonomy":"post_tag","embeddable":true,"href":"https:\/\/www.notibras.com\/site\/wp-json\/wp\/v2\/tags?post=347998"}],"curies":[{"name":"wp","href":"https:\/\/api.w.org\/{rel}","templated":true}]}}