{"id":348004,"date":"2025-02-15T00:00:05","date_gmt":"2025-02-15T03:00:05","guid":{"rendered":"https:\/\/www.notibras.com\/site\/?p=348004"},"modified":"2025-02-15T07:20:27","modified_gmt":"2025-02-15T10:20:27","slug":"vereadores-querem-ampliar-horario-do-muricocas-no-carnaval","status":"publish","type":"post","link":"https:\/\/www.notibras.com\/site\/vereadores-querem-ampliar-horario-do-muricocas-no-carnaval\/","title":{"rendered":"Vereadores querem ampliar hor\u00e1rio do Muri\u00e7ocas no Carnaval"},"content":{"rendered":"<p>A C\u00e2mara Municipal de Jo\u00e3o Pessoa realizou uma sess\u00e3o especial para debater a amplia\u00e7\u00e3o do hor\u00e1rio de t\u00e9rmino do bloco pr\u00e9-carnavalesco &#8216;Muri\u00e7ocas de Miramar&#8217;. A proposta \u00e9 encerrar os festejos \u00e0s 4h, em vez das 2h, como acontece atualmente. O debate foi proposto pelo vereador Jo\u00e3o Almeida (PDT).<\/p>\n<p>Jo\u00e3o Almeida destacou que o bloco &#8216;Muri\u00e7ocas do Miramar&#8217; \u00e9 um dos maiores e mais tradicionais eventos pr\u00e9-carnavalesco do Brasil, reconhecido como Patrim\u00f4nio Imaterial de Jo\u00e3o Pessoa, e j\u00e1 foi o maior bloco de pr\u00e9-carnaval da Am\u00e9rica Latina. De acordo com ele, nos \u00faltimos anos, o hor\u00e1rio limitado do evento tem prejudicado sua grandiosidade e seu impacto cultural, social e econ\u00f4mico.<\/p>\n<p>&#8220;O encerramento precoce do bloco, atualmente \u00e0s 2h, compromete a capacidade de organiza\u00e7\u00e3o e apresenta\u00e7\u00e3o dos trios el\u00e9tricos e artistas, al\u00e9m de dificultar o trabalho dos comerciantes informais e empresas envolvidas. Por ser patrim\u00f4nio imaterial, o bloco exige medidas que preservem e fortale\u00e7am sua relev\u00e2ncia. A amplia\u00e7\u00e3o do hor\u00e1rio para as 4h possibilitar\u00e1 uma maior valoriza\u00e7\u00e3o do evento, melhora da qualidade e valor cultural, beneficiando os foli\u00f5es, a economia local, os comerciantes informais, os organizadores e a imagem cultural de Jo\u00e3o Pessoa&#8221;, justificou.<\/p>\n<p>O parlamentar espera que a C\u00e2mara possa aprovar um projeto com a prorroga\u00e7\u00e3o do hor\u00e1rio de encerramento bloco antes do evento deste ano, que acontece na quarta-feira (26). Ele pediu que as institui\u00e7\u00f5es se desdobrem, apenas um dia por ano, para garantir a evolu\u00e7\u00e3o do bloco pela Via Folia por mais tempo.<\/p>\n<p>O vereador Lu\u00eds da Padaria (Agir) afirmou que \u00e9 preciso dialogar para que haja a valoriza\u00e7\u00e3o do pr\u00e9-carnaval da cidade. &#8220;A gente sabe que temos normas, mas tudo pode ser conversado e flexibilizado. Est\u00e1 na hora de todo mundo se unir e salvar o bloco Muri\u00e7ocas do Miramar. Estamos aqui para somar, vamos trabalhar pelo povo e pelos mais humildes&#8221;, afirmou o parlamentar, agradecendo a presen\u00e7a de todos na sess\u00e3o, pelo compromisso com o carnaval de Jo\u00e3o Pessoa.<\/p>\n<p>J\u00e1 Guguinha Moov Jampa (PSD) argumentou que, pelo desfile ocorrer em um dia de semana, \u00e9 natural que as pessoas demorem um pouco mais a chegar ao local de concentra\u00e7\u00e3o do bloco, e isso j\u00e1 limita o tempo de festa na avenida. De acordo com ele, o tempo tamb\u00e9m \u00e9 curto para todos os trios chegarem ao final. &#8220;Precisamos pedir \u00e0 Pol\u00edcia Militar e ao Minist\u00e9rio P\u00fablico para reavaliar, reconsiderar. Se n\u00e3o puderem estender o fim para 4h, vamos colocar \u00e0s 3h. O que n\u00e3o podemos \u00e9 penalizar as Muri\u00e7ocas, deixando o hor\u00e1rio cada vez mais curto, porque grande o bloco sempre vai ser. Para os ambulantes isso tamb\u00e9m \u00e9 importante, j\u00e1 que quanto mais tempo de bloco tiver, mais eles poder\u00e3o vender&#8221;, defendeu o parlamentar.<\/p>\n","protected":false},"excerpt":{"rendered":"<p>A C\u00e2mara Municipal de Jo\u00e3o Pessoa realizou uma sess\u00e3o especial para debater a amplia\u00e7\u00e3o do hor\u00e1rio de t\u00e9rmino do bloco pr\u00e9-carnavalesco &#8216;Muri\u00e7ocas de Miramar&#8217;. A proposta \u00e9 encerrar os festejos \u00e0s 4h, em vez das 2h, como acontece atualmente. O debate foi proposto pelo vereador Jo\u00e3o Almeida (PDT). Jo\u00e3o Almeida destacou que o bloco &#8216;Muri\u00e7ocas [&hellip;]<\/p>\n","protected":false},"author":2,"featured_media":348005,"comment_status":"closed","ping_status":"closed","sticky":false,"template":"","format":"standard","meta":{"_acf_changed":false,"footnotes":""},"categories":[165],"tags":[],"class_list":["post-348004","post","type-post","status-publish","format-standard","has-post-thumbnail","hentry","category-nordeste"],"acf":[],"_links":{"self":[{"href":"https:\/\/www.notibras.com\/site\/wp-json\/wp\/v2\/posts\/348004","targetHints":{"allow":["GET"]}}],"collection":[{"href":"https:\/\/www.notibras.com\/site\/wp-json\/wp\/v2\/posts"}],"about":[{"href":"https:\/\/www.notibras.com\/site\/wp-json\/wp\/v2\/types\/post"}],"author":[{"embeddable":true,"href":"https:\/\/www.notibras.com\/site\/wp-json\/wp\/v2\/users\/2"}],"replies":[{"embeddable":true,"href":"https:\/\/www.notibras.com\/site\/wp-json\/wp\/v2\/comments?post=348004"}],"version-history":[{"count":2,"href":"https:\/\/www.notibras.com\/site\/wp-json\/wp\/v2\/posts\/348004\/revisions"}],"predecessor-version":[{"id":348008,"href":"https:\/\/www.notibras.com\/site\/wp-json\/wp\/v2\/posts\/348004\/revisions\/348008"}],"wp:featuredmedia":[{"embeddable":true,"href":"https:\/\/www.notibras.com\/site\/wp-json\/wp\/v2\/media\/348005"}],"wp:attachment":[{"href":"https:\/\/www.notibras.com\/site\/wp-json\/wp\/v2\/media?parent=348004"}],"wp:term":[{"taxonomy":"category","embeddable":true,"href":"https:\/\/www.notibras.com\/site\/wp-json\/wp\/v2\/categories?post=348004"},{"taxonomy":"post_tag","embeddable":true,"href":"https:\/\/www.notibras.com\/site\/wp-json\/wp\/v2\/tags?post=348004"}],"curies":[{"name":"wp","href":"https:\/\/api.w.org\/{rel}","templated":true}]}}