{"id":348009,"date":"2025-02-15T05:20:48","date_gmt":"2025-02-15T08:20:48","guid":{"rendered":"https:\/\/www.notibras.com\/site\/?p=348009"},"modified":"2025-02-15T07:25:09","modified_gmt":"2025-02-15T10:25:09","slug":"abadas-axe-e-trios-eletricos-esquentam-as-ruas-de-salvador","status":"publish","type":"post","link":"https:\/\/www.notibras.com\/site\/abadas-axe-e-trios-eletricos-esquentam-as-ruas-de-salvador\/","title":{"rendered":"Abad\u00e1s, ax\u00e9 e trios el\u00e9tricos esquentam as ruas\u00a0de Salvador"},"content":{"rendered":"<p>O Carnaval de Salvador se aproxima, e a cidade j\u00e1 pulsa no compasso do ax\u00e9. As ruas do circuito Barra-Ondina e do Campo Grande ser\u00e3o tomadas por um mar de abad\u00e1s coloridos, onde foli\u00f5es de todas as partes do Brasil e do mundo se misturam em um s\u00f3 ritmo. N\u00e3o h\u00e1 espa\u00e7o para a timidez: o trio el\u00e9trico arrasta multid\u00f5es, e a alegria se espalha como brisa quente de ver\u00e3o.<\/p>\n<p>A tradi\u00e7\u00e3o se renova a cada ano, mas algumas coisas permanecem imut\u00e1veis. O cora\u00e7\u00e3o da festa ainda \u00e9 a energia dos blocos e a vibra\u00e7\u00e3o das grandes estrelas da m\u00fasica baiana. Ivete Sangalo, Bell Marques, L\u00e9o Santana e tantos outros comandam a folia do alto dos trios, transformando as avenidas em um imenso palco a c\u00e9u aberto. O batuque do Olodum ecoa no Pelourinho, e as ladeiras hist\u00f3ricas dan\u00e7am junto com os tambores.<\/p>\n<p>Para quem j\u00e1 viveu essa experi\u00eancia, sabe que o Carnaval soteropolitano \u00e9 mais do que uma festa: \u00e9 um ritual de entrega. S\u00e3o cinco, seis dias \u2013 ou at\u00e9 mais \u2013 de pura euforia, onde o corpo se rende ao balan\u00e7o do ax\u00e9 e a mente esquece as preocupa\u00e7\u00f5es cotidianas. Cada bloco tem sua identidade, cada camarote tem sua exclusividade, mas o esp\u00edrito da festa \u00e9 um s\u00f3: a celebra\u00e7\u00e3o da vida.<\/p>\n<p>O Carnaval de Salvador n\u00e3o se assiste, se vive. \u00c9 suor, \u00e9 canto, \u00e9 dan\u00e7a. \u00c9 multid\u00e3o se movendo como ondas sob o comando de uma guitarra baiana. \u00c9 o momento em que as diferen\u00e7as se diluem e todos se tornam foli\u00f5es, unidos pelo mesmo desejo de aproveitar cada segundo dessa explos\u00e3o de felicidade.<\/p>\n<p>E quando a \u00faltima batida ressoar e a quarta-feira de cinzas chegar, restar\u00e1 apenas a saudade e a certeza de que, no pr\u00f3ximo ano, a festa recome\u00e7a com ainda mais intensidade.<\/p>\n","protected":false},"excerpt":{"rendered":"<p>O Carnaval de Salvador se aproxima, e a cidade j\u00e1 pulsa no compasso do ax\u00e9. As ruas do circuito Barra-Ondina e do Campo Grande ser\u00e3o tomadas por um mar de abad\u00e1s coloridos, onde foli\u00f5es de todas as partes do Brasil e do mundo se misturam em um s\u00f3 ritmo. N\u00e3o h\u00e1 espa\u00e7o para a timidez: [&hellip;]<\/p>\n","protected":false},"author":2,"featured_media":348010,"comment_status":"closed","ping_status":"closed","sticky":false,"template":"","format":"standard","meta":{"_acf_changed":false,"footnotes":""},"categories":[165],"tags":[],"class_list":["post-348009","post","type-post","status-publish","format-standard","has-post-thumbnail","hentry","category-nordeste"],"acf":[],"_links":{"self":[{"href":"https:\/\/www.notibras.com\/site\/wp-json\/wp\/v2\/posts\/348009","targetHints":{"allow":["GET"]}}],"collection":[{"href":"https:\/\/www.notibras.com\/site\/wp-json\/wp\/v2\/posts"}],"about":[{"href":"https:\/\/www.notibras.com\/site\/wp-json\/wp\/v2\/types\/post"}],"author":[{"embeddable":true,"href":"https:\/\/www.notibras.com\/site\/wp-json\/wp\/v2\/users\/2"}],"replies":[{"embeddable":true,"href":"https:\/\/www.notibras.com\/site\/wp-json\/wp\/v2\/comments?post=348009"}],"version-history":[{"count":1,"href":"https:\/\/www.notibras.com\/site\/wp-json\/wp\/v2\/posts\/348009\/revisions"}],"predecessor-version":[{"id":348011,"href":"https:\/\/www.notibras.com\/site\/wp-json\/wp\/v2\/posts\/348009\/revisions\/348011"}],"wp:featuredmedia":[{"embeddable":true,"href":"https:\/\/www.notibras.com\/site\/wp-json\/wp\/v2\/media\/348010"}],"wp:attachment":[{"href":"https:\/\/www.notibras.com\/site\/wp-json\/wp\/v2\/media?parent=348009"}],"wp:term":[{"taxonomy":"category","embeddable":true,"href":"https:\/\/www.notibras.com\/site\/wp-json\/wp\/v2\/categories?post=348009"},{"taxonomy":"post_tag","embeddable":true,"href":"https:\/\/www.notibras.com\/site\/wp-json\/wp\/v2\/tags?post=348009"}],"curies":[{"name":"wp","href":"https:\/\/api.w.org\/{rel}","templated":true}]}}