{"id":348015,"date":"2025-02-15T00:03:19","date_gmt":"2025-02-15T03:03:19","guid":{"rendered":"https:\/\/www.notibras.com\/site\/?p=348015"},"modified":"2025-02-15T07:54:54","modified_gmt":"2025-02-15T10:54:54","slug":"suspenso-julgamento-sobre-venda-de-cigarros-aromatizados","status":"publish","type":"post","link":"https:\/\/www.notibras.com\/site\/suspenso-julgamento-sobre-venda-de-cigarros-aromatizados\/","title":{"rendered":"Suspenso julgamento sobre venda de cigarros aromatizados"},"content":{"rendered":"<p>Um pedido de vista do ministro Luiz Fux suspendeu nesta sexta-feira (14) o julgamento sobre a validade da norma da Ag\u00eancia Nacional de Vigil\u00e2ncia Sanit\u00e1ria (Anvisa) que proibiu a fabrica\u00e7\u00e3o e a venda de cigarros com sabor artificial.<\/p>\n<p>O julgamento da quest\u00e3o foi retomado no plen\u00e1rio virtual da Corte, mas ap\u00f3s a forma\u00e7\u00e3o do placar de 2 votos a 1 para manter a restri\u00e7\u00e3o aos cigarros aromatizados, Fux pediu vista e suspendeu a an\u00e1lise do caso. N\u00e3o h\u00e1 prazo para a retomada do julgamento.<\/p>\n<p>O STF julga um recurso de uma fabricante de cigarros para considerar a RDC n\u00ba 14\/2012 ilegal. Para a Companhia Sulamericana de Tabacos, a Anvisa n\u00e3o tem poderes legais para proibir a venda dos cigarros com aditivos.<\/p>\n<p>Em 2018, o Supremo julgou o caso pela primeira vez e a norma foi mantida. Contudo, n\u00e3o houve uma decis\u00e3o vinculante a todos os processos que tratam da quest\u00e3o no pa\u00eds, e a venda continua sendo realizada com base em liminares das inst\u00e2ncias inferiores.<\/p>\n<p>Na sess\u00e3o virtual de hoje, o ministro Dias Toffoli, relator do processo, votou para manter a resolu\u00e7\u00e3o da Anvisa. No entendimento dele, a Ag\u00eancia agiu de acordo com Constitui\u00e7\u00e3o e cumpriu o dever de prote\u00e7\u00e3o \u00e0 sa\u00fade. O voto foi seguido pelo ministro Edson Fachin.<\/p>\n<p>&#8220;Registro que a RDC n\u00ba 14\/12 da Anvisa fundamenta-se em crit\u00e9rios t\u00e9cnicos e encontra-se amparada em estudos. Ademais, a norma regulat\u00f3ria ateve-se a disciplinar contornos t\u00e9cnicos dos produtos fum\u00edgenos, mantendo-lhes a ess\u00eancia, do que concluo que a ag\u00eancia observou a delimita\u00e7\u00e3o normativa e t\u00e9cnica para exercer seu poder normativo&#8221;, disse Toffoli.<\/p>\n<p>Alexandre de Moraes abriu a diverg\u00eancia e votou para derrubar a norma da ag\u00eancia reguladora. Segundo o ministro, a legisla\u00e7\u00e3o autoriza a venda de cigarros para maiores de 18 anos.<\/p>\n<p>&#8220;O ato normativo da ag\u00eancia pretendeu estender essa proibi\u00e7\u00e3o a todos, inclusive aos maiores de dezoito anos, para quem existe autoriza\u00e7\u00e3o legal. Ao \u00f3rg\u00e3o controlador \u00e9 permitida a edi\u00e7\u00e3o de restri\u00e7\u00f5es e n\u00e3o a proibi\u00e7\u00e3o total do acesso ao consumo, pois \u00e9 garantida por lei a pr\u00f3pria op\u00e7\u00e3o daqueles que, maiores de idade, decidam-se pela escolha de sabor e aroma que mascarem as caracter\u00edsticas sens\u00edveis do cigarro&#8221;, completou Moraes.<\/p>\n","protected":false},"excerpt":{"rendered":"<p>Um pedido de vista do ministro Luiz Fux suspendeu nesta sexta-feira (14) o julgamento sobre a validade da norma da Ag\u00eancia Nacional de Vigil\u00e2ncia Sanit\u00e1ria (Anvisa) que proibiu a fabrica\u00e7\u00e3o e a venda de cigarros com sabor artificial. O julgamento da quest\u00e3o foi retomado no plen\u00e1rio virtual da Corte, mas ap\u00f3s a forma\u00e7\u00e3o do placar [&hellip;]<\/p>\n","protected":false},"author":2,"featured_media":348016,"comment_status":"closed","ping_status":"closed","sticky":false,"template":"","format":"standard","meta":{"_acf_changed":false,"footnotes":""},"categories":[161],"tags":[],"class_list":["post-348015","post","type-post","status-publish","format-standard","has-post-thumbnail","hentry","category-quadradinho-em-foco"],"acf":[],"_links":{"self":[{"href":"https:\/\/www.notibras.com\/site\/wp-json\/wp\/v2\/posts\/348015","targetHints":{"allow":["GET"]}}],"collection":[{"href":"https:\/\/www.notibras.com\/site\/wp-json\/wp\/v2\/posts"}],"about":[{"href":"https:\/\/www.notibras.com\/site\/wp-json\/wp\/v2\/types\/post"}],"author":[{"embeddable":true,"href":"https:\/\/www.notibras.com\/site\/wp-json\/wp\/v2\/users\/2"}],"replies":[{"embeddable":true,"href":"https:\/\/www.notibras.com\/site\/wp-json\/wp\/v2\/comments?post=348015"}],"version-history":[{"count":1,"href":"https:\/\/www.notibras.com\/site\/wp-json\/wp\/v2\/posts\/348015\/revisions"}],"predecessor-version":[{"id":348017,"href":"https:\/\/www.notibras.com\/site\/wp-json\/wp\/v2\/posts\/348015\/revisions\/348017"}],"wp:featuredmedia":[{"embeddable":true,"href":"https:\/\/www.notibras.com\/site\/wp-json\/wp\/v2\/media\/348016"}],"wp:attachment":[{"href":"https:\/\/www.notibras.com\/site\/wp-json\/wp\/v2\/media?parent=348015"}],"wp:term":[{"taxonomy":"category","embeddable":true,"href":"https:\/\/www.notibras.com\/site\/wp-json\/wp\/v2\/categories?post=348015"},{"taxonomy":"post_tag","embeddable":true,"href":"https:\/\/www.notibras.com\/site\/wp-json\/wp\/v2\/tags?post=348015"}],"curies":[{"name":"wp","href":"https:\/\/api.w.org\/{rel}","templated":true}]}}