{"id":348018,"date":"2025-02-15T00:09:17","date_gmt":"2025-02-15T03:09:17","guid":{"rendered":"https:\/\/www.notibras.com\/site\/?p=348018"},"modified":"2025-02-15T08:00:48","modified_gmt":"2025-02-15T11:00:48","slug":"porte-de-maconha-fica-liberado-para-uso-pessoal","status":"publish","type":"post","link":"https:\/\/www.notibras.com\/site\/porte-de-maconha-fica-liberado-para-uso-pessoal\/","title":{"rendered":"Porte de maconha fica liberado para uso pessoal"},"content":{"rendered":"<p>A maioria dos ministros do Supremo Tribunal Federal (STF) decidiu nesta sexta-feira (14) manter a \u00edntegra da decis\u00e3o da Corte que descriminalizou o porte de maconha para uso pessoal e fixou a quantia de 40 gramas para diferenciar usu\u00e1rios de traficantes.<\/p>\n<p>O Supremo julga, no plen\u00e1rio virtual, recursos protocolados pela Defensoria P\u00fablica e pelo Minist\u00e9rio P\u00fablico de S\u00e3o Paulo para esclarecer o resultado do julgamento, que foi finalizado em julho do ano passado.<\/p>\n<p>At\u00e9 o momento, oito ministros seguiram o voto do relator, ministro Gilmar Mendes. Na semana passada, no in\u00edcio do julgamento virtual, o relator votou pela rejei\u00e7\u00e3o dos recursos.<\/p>\n<p>Al\u00e9m de Mendes, os ministros Alexandre de Moraes, C\u00e1rmen L\u00facia, Fl\u00e1vio Dino, Edson Fachin, Andr\u00e9 Mendon\u00e7a, Luiz Fux e Cristiano Zanin votaram no mesmo sentido. A delibera\u00e7\u00e3o virtual ser\u00e1 encerrada \u00e0s 23h59.<\/p>\n<p><strong>N\u00e3o legaliza<\/strong><br \/>\nA decis\u00e3o do Supremo n\u00e3o legaliza o porte de maconha. O porte para uso pessoal continua como comportamento il\u00edcito, ou seja, permanece proibido fumar a droga em local p\u00fablico.<\/p>\n<p>O Supremo julgou a constitucionalidade do Artigo 28 da Lei de Drogas (Lei 11.343\/2006). Para diferenciar usu\u00e1rios e traficantes, a norma prev\u00ea penas alternativas de presta\u00e7\u00e3o de servi\u00e7os \u00e0 comunidade, advert\u00eancia sobre os efeitos das drogas e comparecimento obrigat\u00f3rio a curso educativo.<\/p>\n<p>A Corte manteve a validade da norma, mas entendeu que as consequ\u00eancias s\u00e3o administrativas, deixando de valer a possibilidade de cumprimento de presta\u00e7\u00e3o de servi\u00e7os comunit\u00e1rios.<\/p>\n<p>A advert\u00eancia e presen\u00e7a obrigat\u00f3ria em curso educativo foram mantidas e dever\u00e3o ser aplicadas pela Justi\u00e7a em procedimentos administrativos, sem repercuss\u00e3o penal.<\/p>\n","protected":false},"excerpt":{"rendered":"<p>A maioria dos ministros do Supremo Tribunal Federal (STF) decidiu nesta sexta-feira (14) manter a \u00edntegra da decis\u00e3o da Corte que descriminalizou o porte de maconha para uso pessoal e fixou a quantia de 40 gramas para diferenciar usu\u00e1rios de traficantes. O Supremo julga, no plen\u00e1rio virtual, recursos protocolados pela Defensoria P\u00fablica e pelo Minist\u00e9rio [&hellip;]<\/p>\n","protected":false},"author":2,"featured_media":348019,"comment_status":"closed","ping_status":"closed","sticky":false,"template":"","format":"standard","meta":{"_acf_changed":false,"footnotes":""},"categories":[161],"tags":[],"class_list":["post-348018","post","type-post","status-publish","format-standard","has-post-thumbnail","hentry","category-quadradinho-em-foco"],"acf":[],"_links":{"self":[{"href":"https:\/\/www.notibras.com\/site\/wp-json\/wp\/v2\/posts\/348018","targetHints":{"allow":["GET"]}}],"collection":[{"href":"https:\/\/www.notibras.com\/site\/wp-json\/wp\/v2\/posts"}],"about":[{"href":"https:\/\/www.notibras.com\/site\/wp-json\/wp\/v2\/types\/post"}],"author":[{"embeddable":true,"href":"https:\/\/www.notibras.com\/site\/wp-json\/wp\/v2\/users\/2"}],"replies":[{"embeddable":true,"href":"https:\/\/www.notibras.com\/site\/wp-json\/wp\/v2\/comments?post=348018"}],"version-history":[{"count":1,"href":"https:\/\/www.notibras.com\/site\/wp-json\/wp\/v2\/posts\/348018\/revisions"}],"predecessor-version":[{"id":348020,"href":"https:\/\/www.notibras.com\/site\/wp-json\/wp\/v2\/posts\/348018\/revisions\/348020"}],"wp:featuredmedia":[{"embeddable":true,"href":"https:\/\/www.notibras.com\/site\/wp-json\/wp\/v2\/media\/348019"}],"wp:attachment":[{"href":"https:\/\/www.notibras.com\/site\/wp-json\/wp\/v2\/media?parent=348018"}],"wp:term":[{"taxonomy":"category","embeddable":true,"href":"https:\/\/www.notibras.com\/site\/wp-json\/wp\/v2\/categories?post=348018"},{"taxonomy":"post_tag","embeddable":true,"href":"https:\/\/www.notibras.com\/site\/wp-json\/wp\/v2\/tags?post=348018"}],"curies":[{"name":"wp","href":"https:\/\/api.w.org\/{rel}","templated":true}]}}