{"id":348022,"date":"2025-02-15T00:08:55","date_gmt":"2025-02-15T03:08:55","guid":{"rendered":"https:\/\/www.notibras.com\/site\/?p=348022"},"modified":"2025-02-15T08:10:53","modified_gmt":"2025-02-15T11:10:53","slug":"buriti-propoe-novo-reajuste-salarial-para-as-forcas-de-seguranca","status":"publish","type":"post","link":"https:\/\/www.notibras.com\/site\/buriti-propoe-novo-reajuste-salarial-para-as-forcas-de-seguranca\/","title":{"rendered":"Buriti prop\u00f5e novo reajuste salarial para as for\u00e7as de seguran\u00e7a"},"content":{"rendered":"<p>O Governo do Distrito Federal (GDF) vai enviar na segunda-feira (17), a proposta de reajuste das for\u00e7as de seguran\u00e7a do Distrito Federal. A medida contempla as pol\u00edcias civil e militar e o Corpo de Bombeiros Militar. O impacto financeiro com a proposta \u00e9 de R$ 2,3 bilh\u00f5es, a ser custeado pelo Fundo Constitucional.<\/p>\n<p>\u201cNa segunda-feira (17), faremos o an\u00fancio do encaminhamento do aumento das for\u00e7as de seguran\u00e7a. N\u00f3s vamos estar com os sindicatos e com os parlamentares da \u00e1rea de seguran\u00e7a para anunciar o encaminhamento desse of\u00edcio solicitando o aumento das for\u00e7as de seguran\u00e7a\u201d, disse Ibaneis Rocha durante agenda nesta sexta-feira (14), na Asa Sul.<\/p>\n<p>Respons\u00e1vel pela elabora\u00e7\u00e3o da proposta, o secret\u00e1rio de Economia, Ney Ferraz, afirmou que o reajuste \u00e9 uma valoriza\u00e7\u00e3o justa aos profissionais dessas categorias. \u201cEstamos na capital do Brasil e temos orgulho do trabalho dos profissionais que temos nas nossas for\u00e7as de seguran\u00e7a. O aumento \u00e9 um reconhecimento do governador Ibaneis a esses policiais e bombeiros militares\u201d, argumenta Ney Ferraz.<\/p>\n<p>Previsto na Constitui\u00e7\u00e3o Federal de 1988, o Fundo Constitucional do Distrito Federal (FCDF) \u00e9 um mecanismo financeiro para arcar com \u00e1reas essenciais para o funcionamento da capital. Os recursos s\u00e3o usados para custear a organiza\u00e7\u00e3o e a manuten\u00e7\u00e3o da Pol\u00edcia Civil, da Pol\u00edcia Penal, da Pol\u00edcia Militar e do Corpo de Bombeiros Militar do Distrito Federal, bem como assist\u00eancia financeira para execu\u00e7\u00e3o de servi\u00e7os p\u00fablicos de sa\u00fade e educa\u00e7\u00e3o.<\/p>\n<p>\u201cComo a origem \u00e9 o Fundo, ser\u00e1 necess\u00e1rio encaminhar para o governo federal e depois para o Congresso. Mas, estamos muito confiantes que o presidente Lula vai referendar o reconhecimento do governador Ibaneis a essas categorias\u201d, completa Ney Ferraz.<\/p>\n","protected":false},"excerpt":{"rendered":"<p>O Governo do Distrito Federal (GDF) vai enviar na segunda-feira (17), a proposta de reajuste das for\u00e7as de seguran\u00e7a do Distrito Federal. A medida contempla as pol\u00edcias civil e militar e o Corpo de Bombeiros Militar. O impacto financeiro com a proposta \u00e9 de R$ 2,3 bilh\u00f5es, a ser custeado pelo Fundo Constitucional. \u201cNa segunda-feira [&hellip;]<\/p>\n","protected":false},"author":2,"featured_media":348023,"comment_status":"closed","ping_status":"closed","sticky":false,"template":"","format":"standard","meta":{"_acf_changed":false,"footnotes":""},"categories":[161],"tags":[],"class_list":["post-348022","post","type-post","status-publish","format-standard","has-post-thumbnail","hentry","category-quadradinho-em-foco"],"acf":[],"_links":{"self":[{"href":"https:\/\/www.notibras.com\/site\/wp-json\/wp\/v2\/posts\/348022","targetHints":{"allow":["GET"]}}],"collection":[{"href":"https:\/\/www.notibras.com\/site\/wp-json\/wp\/v2\/posts"}],"about":[{"href":"https:\/\/www.notibras.com\/site\/wp-json\/wp\/v2\/types\/post"}],"author":[{"embeddable":true,"href":"https:\/\/www.notibras.com\/site\/wp-json\/wp\/v2\/users\/2"}],"replies":[{"embeddable":true,"href":"https:\/\/www.notibras.com\/site\/wp-json\/wp\/v2\/comments?post=348022"}],"version-history":[{"count":1,"href":"https:\/\/www.notibras.com\/site\/wp-json\/wp\/v2\/posts\/348022\/revisions"}],"predecessor-version":[{"id":348024,"href":"https:\/\/www.notibras.com\/site\/wp-json\/wp\/v2\/posts\/348022\/revisions\/348024"}],"wp:featuredmedia":[{"embeddable":true,"href":"https:\/\/www.notibras.com\/site\/wp-json\/wp\/v2\/media\/348023"}],"wp:attachment":[{"href":"https:\/\/www.notibras.com\/site\/wp-json\/wp\/v2\/media?parent=348022"}],"wp:term":[{"taxonomy":"category","embeddable":true,"href":"https:\/\/www.notibras.com\/site\/wp-json\/wp\/v2\/categories?post=348022"},{"taxonomy":"post_tag","embeddable":true,"href":"https:\/\/www.notibras.com\/site\/wp-json\/wp\/v2\/tags?post=348022"}],"curies":[{"name":"wp","href":"https:\/\/api.w.org\/{rel}","templated":true}]}}