{"id":348080,"date":"2025-02-16T00:09:18","date_gmt":"2025-02-16T03:09:18","guid":{"rendered":"https:\/\/www.notibras.com\/site\/?p=348080"},"modified":"2025-02-16T08:11:36","modified_gmt":"2025-02-16T11:11:36","slug":"um-marco-na-minha-vida-diz-alcione-sobre-exposicao","status":"publish","type":"post","link":"https:\/\/www.notibras.com\/site\/um-marco-na-minha-vida-diz-alcione-sobre-exposicao\/","title":{"rendered":"&#8220;Um marco na minha vida&#8221;, diz Alcione sobre exposi\u00e7\u00e3o"},"content":{"rendered":"<p>Alcione, a Marrom, est\u00e1 se locomovendo em cadeira de rodas. Consequ\u00eancia de uma doen\u00e7a na coluna que afetou as articula\u00e7\u00f5es dos membros inferiores. Mas, vaidosa, deu um jeito de se manter em p\u00e9 por uns momentos para ser fotografada. Ao visitar a exposi\u00e7\u00e3o em sua homenagem, em S\u00e3o Luis, capital maranhense, n\u00e3o teve palavras: \u201cEssa exposi\u00e7\u00e3o e um luxo! Acho que artista nenhum merece morrer sem ter uma exposi\u00e7\u00e3o desta\u201d.<\/p>\n<p>Foi assim que a cantora maranhense Alcione resumiu o sentimento por ser tema de uma mostra em comemora\u00e7\u00e3o aos mais de 50 anos de carreira. E com 42 \u00e1lbuns lan\u00e7ados e e uma trajet\u00f3ria de sucesso, ela conta que prepara um disco para ser lan\u00e7ado ainda no primeiro semestre de 2025.<\/p>\n<p>Batizada de Com amor, Alcione, a exposi\u00e7\u00e3o est\u00e1 dispon\u00edvel no Centro Cultural Vale Maranh\u00e3o, no centro hist\u00f3rico de S\u00e3o Lu\u00eds, cidade natal da Marrom, com registros de apresenta\u00e7\u00f5es da cantora em mais de 30 pa\u00edses, do cotidiano, das parcerias e rende uma justa homenagem \u00e0 obra de uma das maiores vozes brasileiras.<\/p>\n<p>\u201cSou muito feliz pelo trabalho dessa exposi\u00e7\u00e3o, ainda mais por ter sido realizada em S\u00e3o Lu\u00eds\u201d, celebrou a cantora durante entrevista na abertura<\/p>\n<p>O roteiro leva o visitante a v\u00e1rias vers\u00f5es da cantora: os passos da sambista nas ladeiras do Morro de Mangueira, a amizade com os mais diversos artistas, as viagens ao redor do mundo e a amante da cultura maranhense que gira ao som das matracas do bumba meu boi.<\/p>\n<p>A Marrom se tornou conhecida do grande p\u00fablico com a m\u00fasica N\u00e3o deixe o samba morrer (Edson Concei\u00e7\u00e3o e Alo\u00edsio Silva) , lan\u00e7ada no disco de estreia A Voz do Samba, em 1975. O \u00e1lbum tamb\u00e9m traz outros sucessos marcantes na carreira de Alcione: O Surdo (Totonho e Paulinho Rezende), e A Voz do Morro (Z\u00e9 K\u00e9tti), que inspirou o nome do disco.<\/p>\n<p>A cidade de S\u00e3o Lu\u00eds foi onde a cantora cresceu e aprendeu valiosas li\u00e7\u00f5es com o pai, Jo\u00e3o Carlos Dias Nazareth. \u201cS\u00e3o Lu\u00eds foi muito importante na minha vida. Porque aqui eu aprendi a conviver com meus amigos, a conviv\u00eancia que meu pai me ensinou, que a minha m\u00e3e me ensinou. Aprendi a ser, a repartir e tamb\u00e9m a me unir com meus irm\u00e3os\u201d, contou.<\/p>\n<p>Ali\u00e1s, foi com o pai, mestre da banda da Pol\u00edcia Militar do Maranh\u00e3o e professor de m\u00fasica, que a Marrom deu os primeiros passos no mundo da m\u00fasica. Essa caminhada resultou em uma rica trajet\u00f3ria da maranhenses que gravou 42 \u00e1lbuns, ganhou 26 discos de ouro, 7 de platina e dois de platina dupla, al\u00e9m de DVDs. Alcione tamb\u00e9m foi homenageada com v\u00e1rios pr\u00eamios durante a carreira, um deles, o Grammy Latino, em 2003 na categoria Melhor \u00c1lbum.<\/p>\n<p>O f\u00e3 que quiser conhecer mais a vida da Marrom poder\u00e1 visitar a exposi\u00e7\u00e3o at\u00e9 o dia 30 de agosto. A homenagem ecoa as palavras do mestre Nelson Cavaquinho, em Quando eu me chamar saudade: Por isso \u00e9 que eu penso assim: se algu\u00e9m quiser fazer por mim, que fa\u00e7a agora!<\/p>\n","protected":false},"excerpt":{"rendered":"<p>Alcione, a Marrom, est\u00e1 se locomovendo em cadeira de rodas. Consequ\u00eancia de uma doen\u00e7a na coluna que afetou as articula\u00e7\u00f5es dos membros inferiores. Mas, vaidosa, deu um jeito de se manter em p\u00e9 por uns momentos para ser fotografada. Ao visitar a exposi\u00e7\u00e3o em sua homenagem, em S\u00e3o Luis, capital maranhense, n\u00e3o teve palavras: \u201cEssa [&hellip;]<\/p>\n","protected":false},"author":2,"featured_media":348081,"comment_status":"closed","ping_status":"closed","sticky":false,"template":"","format":"standard","meta":{"_acf_changed":false,"footnotes":""},"categories":[165],"tags":[],"class_list":["post-348080","post","type-post","status-publish","format-standard","has-post-thumbnail","hentry","category-nordeste"],"acf":[],"_links":{"self":[{"href":"https:\/\/www.notibras.com\/site\/wp-json\/wp\/v2\/posts\/348080","targetHints":{"allow":["GET"]}}],"collection":[{"href":"https:\/\/www.notibras.com\/site\/wp-json\/wp\/v2\/posts"}],"about":[{"href":"https:\/\/www.notibras.com\/site\/wp-json\/wp\/v2\/types\/post"}],"author":[{"embeddable":true,"href":"https:\/\/www.notibras.com\/site\/wp-json\/wp\/v2\/users\/2"}],"replies":[{"embeddable":true,"href":"https:\/\/www.notibras.com\/site\/wp-json\/wp\/v2\/comments?post=348080"}],"version-history":[{"count":1,"href":"https:\/\/www.notibras.com\/site\/wp-json\/wp\/v2\/posts\/348080\/revisions"}],"predecessor-version":[{"id":348082,"href":"https:\/\/www.notibras.com\/site\/wp-json\/wp\/v2\/posts\/348080\/revisions\/348082"}],"wp:featuredmedia":[{"embeddable":true,"href":"https:\/\/www.notibras.com\/site\/wp-json\/wp\/v2\/media\/348081"}],"wp:attachment":[{"href":"https:\/\/www.notibras.com\/site\/wp-json\/wp\/v2\/media?parent=348080"}],"wp:term":[{"taxonomy":"category","embeddable":true,"href":"https:\/\/www.notibras.com\/site\/wp-json\/wp\/v2\/categories?post=348080"},{"taxonomy":"post_tag","embeddable":true,"href":"https:\/\/www.notibras.com\/site\/wp-json\/wp\/v2\/tags?post=348080"}],"curies":[{"name":"wp","href":"https:\/\/api.w.org\/{rel}","templated":true}]}}