{"id":348102,"date":"2025-02-16T00:00:14","date_gmt":"2025-02-16T03:00:14","guid":{"rendered":"https:\/\/www.notibras.com\/site\/?p=348102"},"modified":"2025-02-16T09:41:41","modified_gmt":"2025-02-16T12:41:41","slug":"governo-impulsiona-artesanato-e-arrecadacao-registra-alta-de-33","status":"publish","type":"post","link":"https:\/\/www.notibras.com\/site\/governo-impulsiona-artesanato-e-arrecadacao-registra-alta-de-33\/","title":{"rendered":"Governo impulsiona artesanato e arrecada\u00e7\u00e3o registra alta de 33%"},"content":{"rendered":"<p>Inspirado em elementos do Cerrado, na hist\u00f3ria da capital federal e at\u00e9 mesmo na singularidade de cada regi\u00e3o administrativa, o artesanato brasiliense est\u00e1 cada vez mais popular. O setor registrou alta de 33% nas vendas em 2024, com arrecada\u00e7\u00e3o superior a R$ 2 milh\u00f5es, em compara\u00e7\u00e3o ao ano passado, quando o valor chegou a cerca de R$ 1,6 milh\u00e3o. O sucesso da atividade comercial beneficia 1,5 mil fam\u00edlias, movimentando a economia, com gera\u00e7\u00e3o de emprego e renda, al\u00e9m de valorizar a cultura local.<\/p>\n<p>Os n\u00fameros refletem o apoio deste Governo do Distrito Federal (GDF) com a\u00e7\u00f5es de capacita\u00e7\u00e3o, incentivo \u00e0 participa\u00e7\u00e3o em eventos nacionais e oferta de mais espa\u00e7os de venda. Em 2024, a Secretaria de Turismo (Setur-DF) registrou mais de mil novos cadastros de artes\u00e3os e manualistas e inaugurou mais uma loja da s\u00e9rie Artesanato Bras\u00edlia, na Feira do Guar\u00e1. Com isso, os profissionais contam com tr\u00eas unidades para expor suas pe\u00e7as \u2013 os outros dois pontos ficam no P\u00e1tio Brasil, no Plano Piloto, e no Alameda Shopping, em Taguatinga.<\/p>\n<p>Cada uma das lojas re\u00fane o trabalho de 30 artes\u00e3os, selecionados por chamamento p\u00fablico. O funcionamento segue os hor\u00e1rios dos centros comerciais. O P\u00e1tio Brasil funciona de segunda a s\u00e1bado, das 10h \u00e0s 22h e, aos domingos, das 12h \u00e0s 20h. O Alameda Shopping est\u00e1 aberto de segunda a s\u00e1bado, das 9h \u00e0s 21h e, aos domingos, das 11h \u00e0s 18h. A Feira do Guar\u00e1, por sua vez, atende de quarta a domingo, das 9h \u00e0s 18h.<\/p>\n<p>O subsecret\u00e1rio de Turismo, Franklin Martins, anuncia que um quarto estabelecimento est\u00e1 em negocia\u00e7\u00e3o para ser montado em outro shopping. Segundo ele, os equipamentos servem para divulgar os produtos n\u00e3o apenas para turistas, mas principalmente para moradores do DF.<\/p>\n<p>\u201cO turismo \u00e9 um tema transversal\u201d, pontua. \u201cTemos o turismo de aventura, o religioso e tamb\u00e9m o urbano. Uma m\u00fasica do Milton Nascimento fala que o artista tem que estar onde o p\u00fablico est\u00e1. Ent\u00e3o, o artesanato tem que estar onde os poss\u00edveis compradores est\u00e3o. Uma ou duas vezes por semana, os artes\u00e3os est\u00e3o nas lojas, e o cliente pode ter esse contato direto, inclusive para pedir uma pe\u00e7a espec\u00edfica.\u201d<\/p>\n<p><strong>Ess\u00eancia brasiliense<\/strong><br \/>\nDe passagem por Bras\u00edlia, onde seus filhos nasceram, a designer Alice Prina procurou uma das lojas Artesanato Bras\u00edlia: \u201cQueria uma lembran\u00e7a da cidade para resgatar a origem deles de alguma forma; n\u00e3o s\u00f3 uma recorda\u00e7\u00e3o de Bras\u00edlia, como uma camiseta, mas algo que eu sei que algu\u00e9m fez \u00e0 m\u00e3o, que tenha o esfor\u00e7o de uma pessoa daqui\u201d<\/p>\n<p>O chefe da Unidade de Promo\u00e7\u00e3o ao Artesanato e ao Trabalho Manual (Unart) da Setur-DF, Klever Antunes, afirma que centenas de produtos est\u00e3o dispon\u00edveis em cada loja, permitindo ao consumidor levar um peda\u00e7o de Bras\u00edlia para casa. A lista inclui esculturas em papel mach\u00ea, colares e brincos feitos com sementes nativas do Cerrado, canecas, tapetes, bolsas, agendas, \u00edm\u00e3s de geladeira, cadeiras, mesas de centro, fronhas e len\u00e7\u00f3is, entre outros itens. \u201cCostumo dizer que o cliente n\u00e3o sai de casa com o intuito de comprar artesanato; ele passa por uma loja ou um evento, v\u00ea o produto, se apaixona e quer levar para casa\u201d, define.<\/p>\n<p>Este foi o caso da designer Alice Prina, 43, que est\u00e1 de passagem em Bras\u00edlia e escolheu a loja do P\u00e1tio Brasil para adquirir uma recorda\u00e7\u00e3o da cidade. \u201cComprei tr\u00eas chaveiros de capivara para os meus filhos, que nasceram aqui, mas moram distante h\u00e1 muitos anos\u201d, conta. \u201cQueria uma lembran\u00e7a da cidade para resgatar a origem deles de alguma forma. N\u00e3o s\u00f3 uma recorda\u00e7\u00e3o de Bras\u00edlia, como uma camiseta, mas algo que eu sei que algu\u00e9m fez \u00e0 m\u00e3o, que tenha o esfor\u00e7o de uma pessoa daqui. Foi surpreendente encontrar essa loja, porque \u00e9 grande, bonita, tem muita coisa legal.\u201d<\/p>\n<p>A visibilidade do espa\u00e7o \u00e9 uma das maiores vantagens para os profissionais, conforme avalia a artes\u00e3 Katy Mousinho, 59, que desenvolve pe\u00e7as em tecido de algod\u00e3o org\u00e2nico com estampa digital desde 2022. \u201cTenho percebido que tem aumentando as vendas de artesanato\u201d, observa. \u201cA loja j\u00e1 \u00e9 consolidada em Bras\u00edlia, e as pessoas j\u00e1 procuram aqui, porque sabem que \u00e9 um artesanato de qualidade\u201d.<\/p>\n<p>Para expor artigos nas lojas da Setur-DF, o interessado deve concorrer ao edital de chamamento p\u00fablico e ter a Carteira Nacional do Artes\u00e3o. O documento \u00e9 emitido pela secretaria e permite a participa\u00e7\u00e3o do profissional em feiras das quais a institui\u00e7\u00e3o faz parte, no Distrito Federal ou em outras cidades. Cada grupo formado por 30 artes\u00e3os pode utilizar os espa\u00e7os por tr\u00eas meses.<\/p>\n","protected":false},"excerpt":{"rendered":"<p>Inspirado em elementos do Cerrado, na hist\u00f3ria da capital federal e at\u00e9 mesmo na singularidade de cada regi\u00e3o administrativa, o artesanato brasiliense est\u00e1 cada vez mais popular. O setor registrou alta de 33% nas vendas em 2024, com arrecada\u00e7\u00e3o superior a R$ 2 milh\u00f5es, em compara\u00e7\u00e3o ao ano passado, quando o valor chegou a cerca [&hellip;]<\/p>\n","protected":false},"author":2,"featured_media":348103,"comment_status":"closed","ping_status":"closed","sticky":false,"template":"","format":"standard","meta":{"_acf_changed":false,"footnotes":""},"categories":[161],"tags":[],"class_list":["post-348102","post","type-post","status-publish","format-standard","has-post-thumbnail","hentry","category-quadradinho-em-foco"],"acf":[],"_links":{"self":[{"href":"https:\/\/www.notibras.com\/site\/wp-json\/wp\/v2\/posts\/348102","targetHints":{"allow":["GET"]}}],"collection":[{"href":"https:\/\/www.notibras.com\/site\/wp-json\/wp\/v2\/posts"}],"about":[{"href":"https:\/\/www.notibras.com\/site\/wp-json\/wp\/v2\/types\/post"}],"author":[{"embeddable":true,"href":"https:\/\/www.notibras.com\/site\/wp-json\/wp\/v2\/users\/2"}],"replies":[{"embeddable":true,"href":"https:\/\/www.notibras.com\/site\/wp-json\/wp\/v2\/comments?post=348102"}],"version-history":[{"count":1,"href":"https:\/\/www.notibras.com\/site\/wp-json\/wp\/v2\/posts\/348102\/revisions"}],"predecessor-version":[{"id":348104,"href":"https:\/\/www.notibras.com\/site\/wp-json\/wp\/v2\/posts\/348102\/revisions\/348104"}],"wp:featuredmedia":[{"embeddable":true,"href":"https:\/\/www.notibras.com\/site\/wp-json\/wp\/v2\/media\/348103"}],"wp:attachment":[{"href":"https:\/\/www.notibras.com\/site\/wp-json\/wp\/v2\/media?parent=348102"}],"wp:term":[{"taxonomy":"category","embeddable":true,"href":"https:\/\/www.notibras.com\/site\/wp-json\/wp\/v2\/categories?post=348102"},{"taxonomy":"post_tag","embeddable":true,"href":"https:\/\/www.notibras.com\/site\/wp-json\/wp\/v2\/tags?post=348102"}],"curies":[{"name":"wp","href":"https:\/\/api.w.org\/{rel}","templated":true}]}}