{"id":348105,"date":"2025-02-16T00:00:09","date_gmt":"2025-02-16T03:00:09","guid":{"rendered":"https:\/\/www.notibras.com\/site\/?p=348105"},"modified":"2025-02-16T09:48:55","modified_gmt":"2025-02-16T12:48:55","slug":"ibaneis-ajuda-a-colher-soja-e-anuncia-infraestrutura-rural","status":"publish","type":"post","link":"https:\/\/www.notibras.com\/site\/ibaneis-ajuda-a-colher-soja-e-anuncia-infraestrutura-rural\/","title":{"rendered":"Ibaneis ajuda a colher soja e anuncia infraestrutura rural"},"content":{"rendered":"<p>Gr\u00e3o de maior produ\u00e7\u00e3o no Distrito Federal, a soja tem alcan\u00e7ado n\u00fameros expressivos ano a ano, com 323,5 mil toneladas produzidas em 2023, segundo a Empresa de Assist\u00eancia T\u00e9cnica e Extens\u00e3o Rural do DF (Emater). Neste s\u00e1bado (15), o governador Ibaneis Rocha acompanhou o in\u00edcio das colheitas na Fazenda Coperbr\u00e1s, em Planaltina. A visita, organizada pelos produtores da regi\u00e3o, contou com a presen\u00e7a dos maiores agricultores do DF e abordou os avan\u00e7os na regulariza\u00e7\u00e3o de terras rurais, al\u00e9m de fortalecer o di\u00e1logo entre o governo e o setor agr\u00edcola.<\/p>\n<p>Depois de andar em uma das colheitadeiras, o governador Ibaneis Rocha destacou que o investimento em tecnologia \u00e9 um dos grandes aliados para o alto n\u00edvel de produ\u00e7\u00e3o do DF.<\/p>\n<p>\u201cA gente tem a oportunidade de ver o quanto a agricultura evoluiu no pa\u00eds quando voc\u00ea entra em uma m\u00e1quina dessas e v\u00ea toda a tecnologia embarcada. \u00c9 exatamente por isso que o pa\u00eds tem se tornado um dos maiores produtores de gr\u00e3os do mundo: porque a gente consegue produzir mais com menos terra\u201d, declarou. Ele acrescentou, ainda, que haver\u00e1 um crescimento de 8% na colheita de soja este ano no DF, gerando uma das maiores produtividades do Brasil.<\/p>\n<p>O encontro reuniu mais de 100 participantes, que puderam conhecer de perto o trabalho desenvolvido pelos produtores locais nos campos de sementes. O produtor rural Nelson Schneider, \u00e0 frente da empresa Coperbr\u00e1s, ressaltou que o apoio do GDF \u00e9 essencial para o setor e afirmou que a colheita de soja em 2025 ser\u00e1 recorde, com uma produtividade de 82 sacos de semente por hectare. O valor ultrapassa a produ\u00e7\u00e3o nacional, que \u00e9 por volta de 50 sacos por hectare.<\/p>\n<p>\u201cEu tenho contrato com o GDF h\u00e1 45 anos e nunca tive problema nenhum. Temos todo apoio e aqui \u00e9 o melhor lugar do Brasil para se produzir sementes de soja para o Brasil inteiro\u201d, comenta Schneider.<\/p>\n<p>Em 2023, a produ\u00e7\u00e3o de soja para sementes foi de 65,7 mil toneladas. Al\u00e9m disso, foram colhidas 44,4 toneladas de sorgo, 36,2 toneladas de feij\u00e3o e 22,8 mil toneladas de trigo, demonstrando a diversifica\u00e7\u00e3o e a for\u00e7a da agricultura no Quadradinho.<\/p>\n<p>A soja segue sendo a maior produ\u00e7\u00e3o do DF, tanto em tamanho de \u00e1rea plantada, que somou 72.322,95 hectares, como em toneladas de produ\u00e7\u00e3o, que chegou a pouco mais de 323 mil toneladas, segundo relat\u00f3rios apresentados pela Emater-DF.<\/p>\n<p><strong>Reforma nas estradas<\/strong><br \/>\nO governador tamb\u00e9m anunciou a reforma das estradas que ligam \u00e0s produ\u00e7\u00f5es rurais da regi\u00e3o, entre elas a DF-320, em Planaltina. A DF-100 j\u00e1 passou por reparos recentes executados por este GDF.<\/p>\n<p>\u201cComo eu sempre gosto de observar, n\u00f3s passamos pela DF-320, que j\u00e1 n\u00e3o tem mais como tapar os buracos. Vamos fazer essa obra para resolver o problema dos produtores daqui\u201d, afirmou.<\/p>\n<p>O secret\u00e1rio de Governo, Jos\u00e9 Humberto Pires de Ara\u00fajo, ressaltou que o governo tem dado aten\u00e7\u00e3o especial a todos os produtores, tanto para melhorar a infraestrutura rural como para incentivar a produ\u00e7\u00e3o por meio da Emater e da Secretaria de Agricultura, Abastecimento e Desenvolvimento Rural (Seagri-DF) levando insumos, produtos e conhecimento t\u00e9cnico.<\/p>\n<p>\u201cN\u00f3s tratamos da infraestrutura rural. \u00c9 o que possibilita o melhor escoamento dos produtos, vias mais organizadas e mais bem pavimentadas. Quando voc\u00ea tem vias muito ruins, acaba tendo um grande desperd\u00edcio. \u00c9 por isso que n\u00f3s temos uma \u00e1rea rural muito boa\u201d, afirma o secret\u00e1rio.<\/p>\n<p>O secret\u00e1rio de Agricultura, Abastecimento e Desenvolvimento Rural, Rafael Bueno, ressaltou que, na fase de transporte, as perdas podem chegar a 5% do produto. \u201cQuando a gente tem rodovias melhores, perdemos menos. E perder menos \u00e9 mais soja sendo comercializada, mais dinheiro no bolso do produtor, mais emprego e o Distrito Federal crescendo\u201d, observou.<\/p>\n<p><strong>Regulariza\u00e7\u00e3o rural<\/strong><br \/>\nDurante o evento, o governador Ibaneis Rocha tamb\u00e9m falou sobre regulariza\u00e7\u00e3o fundi\u00e1ria, um processo fundamental com o intuito de proporcionar aos produtores seguran\u00e7a jur\u00eddica e acesso a outros servi\u00e7os, como empr\u00e9stimos e financiamentos banc\u00e1rios. Al\u00e9m disso, a medida beneficia o meio ambiente e contribui com o equil\u00edbrio fiscal, a partir da devida arrecada\u00e7\u00e3o de impostos. \u201cN\u00f3s vamos entregar todas as escrituras dessas \u00e1reas rurais para trazer seguran\u00e7a jur\u00eddica para todos esses produtores\u201d, destacou.<\/p>\n<p>A programa\u00e7\u00e3o seguiu com um almo\u00e7o com a presen\u00e7a do presidente da Empresa de Regulariza\u00e7\u00e3o de Terras Rurais (ETR), C\u00e2ndido Teles, e da diretoria executiva da entidade. A empresa \u00e9 uma subsidi\u00e1ria da Ag\u00eancia de Desenvolvimento (Terracap) e tem como objetivo dar celeridade \u00e0 regulariza\u00e7\u00e3o rural, centralizando o atendimento ao produtor.<\/p>\n<p>Desde a cria\u00e7\u00e3o da ETR, o DF possui cerca de 500 contratos de concess\u00e3o oneroso de uso (CDUs) aprovados, referentes a 20 mil hectares documentados. Somente em 2025, foram entregues mais 15 CDUs. A partir da base de dados pr\u00f3pria da empresa, interconectada ao Terrageo, h\u00e1 cerca de 5 mil processos de regulariza\u00e7\u00e3o na macrozona rural do DF.<\/p>\n<p>Atualmente, 68% do territ\u00f3rio do Distrito Federal est\u00e1 em \u00e1reas rurais. Em 2024, 13.602,10 hectares foram regularizados, n\u00famero 127% maior que o mesmo per\u00edodo do ano anterior, quando houve a regulariza\u00e7\u00e3o de quase 6 mil hectares.<\/p>\n","protected":false},"excerpt":{"rendered":"<p>Gr\u00e3o de maior produ\u00e7\u00e3o no Distrito Federal, a soja tem alcan\u00e7ado n\u00fameros expressivos ano a ano, com 323,5 mil toneladas produzidas em 2023, segundo a Empresa de Assist\u00eancia T\u00e9cnica e Extens\u00e3o Rural do DF (Emater). Neste s\u00e1bado (15), o governador Ibaneis Rocha acompanhou o in\u00edcio das colheitas na Fazenda Coperbr\u00e1s, em Planaltina. A visita, organizada [&hellip;]<\/p>\n","protected":false},"author":2,"featured_media":348106,"comment_status":"closed","ping_status":"closed","sticky":false,"template":"","format":"standard","meta":{"_acf_changed":false,"footnotes":""},"categories":[161],"tags":[],"class_list":["post-348105","post","type-post","status-publish","format-standard","has-post-thumbnail","hentry","category-quadradinho-em-foco"],"acf":[],"_links":{"self":[{"href":"https:\/\/www.notibras.com\/site\/wp-json\/wp\/v2\/posts\/348105","targetHints":{"allow":["GET"]}}],"collection":[{"href":"https:\/\/www.notibras.com\/site\/wp-json\/wp\/v2\/posts"}],"about":[{"href":"https:\/\/www.notibras.com\/site\/wp-json\/wp\/v2\/types\/post"}],"author":[{"embeddable":true,"href":"https:\/\/www.notibras.com\/site\/wp-json\/wp\/v2\/users\/2"}],"replies":[{"embeddable":true,"href":"https:\/\/www.notibras.com\/site\/wp-json\/wp\/v2\/comments?post=348105"}],"version-history":[{"count":1,"href":"https:\/\/www.notibras.com\/site\/wp-json\/wp\/v2\/posts\/348105\/revisions"}],"predecessor-version":[{"id":348107,"href":"https:\/\/www.notibras.com\/site\/wp-json\/wp\/v2\/posts\/348105\/revisions\/348107"}],"wp:featuredmedia":[{"embeddable":true,"href":"https:\/\/www.notibras.com\/site\/wp-json\/wp\/v2\/media\/348106"}],"wp:attachment":[{"href":"https:\/\/www.notibras.com\/site\/wp-json\/wp\/v2\/media?parent=348105"}],"wp:term":[{"taxonomy":"category","embeddable":true,"href":"https:\/\/www.notibras.com\/site\/wp-json\/wp\/v2\/categories?post=348105"},{"taxonomy":"post_tag","embeddable":true,"href":"https:\/\/www.notibras.com\/site\/wp-json\/wp\/v2\/tags?post=348105"}],"curies":[{"name":"wp","href":"https:\/\/api.w.org\/{rel}","templated":true}]}}