{"id":348157,"date":"2025-02-17T00:45:48","date_gmt":"2025-02-17T03:45:48","guid":{"rendered":"https:\/\/www.notibras.com\/site\/?p=348157"},"modified":"2025-02-17T07:48:12","modified_gmt":"2025-02-17T10:48:12","slug":"tradicao-e-alegria-vao-invadir-sao-cristovao-em-sergipe","status":"publish","type":"post","link":"https:\/\/www.notibras.com\/site\/tradicao-e-alegria-vao-invadir-sao-cristovao-em-sergipe\/","title":{"rendered":"Tradi\u00e7\u00e3o e alegria v\u00e3o invadir S\u00e3o Crist\u00f3v\u00e3o, em Sergipe"},"content":{"rendered":"<p>O tradicional Carnaval dos Carnavais, realizado em S\u00e3o Crist\u00f3v\u00e3o, Sergipe, ter\u00e1 in\u00edcio em 22 de fevereiro e seguir\u00e1 at\u00e9 4 de mar\u00e7o. A festa contar\u00e1 com cerca de 30 blocos e diversas apresenta\u00e7\u00f5es em palcos instalados no Eduardo Gomes e na Bica dos Pintos.<\/p>\n<p>A programa\u00e7\u00e3o ser\u00e1 aberta oficialmente no dia 22, \u00e0s 16h, com o evento Carnalira, conduzido pela Filarm\u00f4nica Lira Sancristovense. Fundada em 1990, a Filarm\u00f4nica \u00e9 reconhecida como patrim\u00f4nio hist\u00f3rico, art\u00edstico e cultural da cidade.<\/p>\n<p><strong>Programa\u00e7\u00e3o<\/strong><\/p>\n<p>Blocos no Centro Hist\u00f3rico<\/p>\n<p>22 de fevereiro (s\u00e1bado)<\/p>\n<p>16h &#8211; Abertura do Carnaval dos Carnavais com CarnaLira<\/p>\n<p>28 de fevereiro (sexta)<\/p>\n<p>16h &#8211; Bloco da Sa\u00fade<\/p>\n<p>16h30 &#8211; Bloco do Servi\u00e7o de Conviv\u00eancia<\/p>\n<p>2 de mar\u00e7o (domingo)<\/p>\n<p>13h &#8211; Bloco Morde Fronha<\/p>\n<p>16h &#8211; Bloco Mulekada<\/p>\n<p>16h30 &#8211; Bloco T\u00e1 com sede?<\/p>\n<p>17h &#8211; Bloco Z\u00e9 Folia<\/p>\n<p>17h30 &#8211; Bloco do Fasc<\/p>\n<p>4 de mar\u00e7o (ter\u00e7a)<\/p>\n<p>16h &#8211; Bloco Mulekada<\/p>\n<p>16h30 &#8211; Bloco Jo\u00e3o Bebe Todas<\/p>\n<p>17h &#8211; Bloco Z\u00e9 Folia<\/p>\n<p>17h30 &#8211; Bloco do Fasc<\/p>\n<p>18h &#8211; Bloco do Descid\u00e3o dos Quilombolas<\/p>\n<p>Blocos no Eduardo Gomes<\/p>\n<p>22 de fevereiro (s\u00e1bado)<\/p>\n<p>13h &#8211; Bloco da Rua 92<\/p>\n<p>2 de mar\u00e7o (domingo)<\/p>\n<p>14h &#8211; Bloco Frevorando<\/p>\n<p>3 de mar\u00e7o (segunda)<\/p>\n<p>14h &#8211; Bloco Xod\u00f3 El\u00e9trico<\/p>\n<p>Outros Blocos<\/p>\n<p>21 de fevereiro (sexta)<\/p>\n<p>17h &#8211; Bloquinho do Inferninho (Bairro Rosa Elze)<\/p>\n<p>22 de fevereiro (s\u00e1bado)<\/p>\n<p>14h &#8211; Bloco Des\u00e7a Da\u00ed (Povoado Tinhar\u00e9)<\/p>\n<p>1\u00ba de mar\u00e7o (s\u00e1bado)<\/p>\n<p>16h &#8211; Bloco Fundico (Povoado Tinhar\u00e9)<\/p>\n<p>2 de mar\u00e7o (domingo)<\/p>\n<p>10h &#8211; Bloco Cabrita Folia (Povoado Cabrita)<\/p>\n<p>13h &#8211; Bloquinho dos Amigos (Povoado Pedreiras)<\/p>\n<p>14h &#8211; Bloco Caju Breja (Povoado Cajueiro)<\/p>\n<p>3 de mar\u00e7o (segunda)<\/p>\n<p>11h &#8211; Bloco Juntos Somos Mais Fortes (Bairro Tijuquinha)<\/p>\n<p>13h &#8211; Bloco das Poderosas (Bairro Rosa Elze &#8211; Quilombo)<\/p>\n<p>14h &#8211; Bloco Carnacat\u00f3lico (Povoado Rita Cacete)<\/p>\n<p>14h30 &#8211; Bloco Soh da Nois (Bairro Divin\u00e9ia)<\/p>\n<p>4 de mar\u00e7o (ter\u00e7a)<\/p>\n<p>4h &#8211; Bloco Saco da Madrugada (Povoado Col\u00f4nia Miranda at\u00e9 Rita Cacete)<\/p>\n<p>12h &#8211; Bloco das Piranhas (Bairro Irineu Neri &#8211; Apicum)<\/p>\n<p>13h &#8211; Bloco das Incubadas (Bairro Madre Paulina)<\/p>\n<p>Palcos e Shows<\/p>\n<p>Palco &#8211; Bica dos Pintos<\/p>\n<p>2 de mar\u00e7o (domingo)<\/p>\n<p>12h &#8211; Lucas Moura<\/p>\n<p>14h &#8211; Sidy Gomes<\/p>\n<p>16h &#8211; Trakinagem<\/p>\n<p>Palco &#8211; Centro Comercial do Eduardo Gomes<\/p>\n<p>3 de mar\u00e7o (segunda)<\/p>\n<p>17h &#8211; Mania de Ser<\/p>\n<p>19h &#8211; Zanny, A Musa<\/p>\n<p>21h &#8211; Karla Isabella<\/p>\n<p>4 de mar\u00e7o (ter\u00e7a)<\/p>\n<p>17h &#8211; Desejo de Sambar<\/p>\n<p>19h &#8211; Anderson Danttas<\/p>\n<p>21h &#8211; Esse Lance<\/p>\n<p>O Carnaval dos Carnavais promete mais um ano de muita festa e tradi\u00e7\u00e3o, reunindo foli\u00f5es de todas as idades para celebrar com alegria e seguran\u00e7a.<\/p>\n","protected":false},"excerpt":{"rendered":"<p>O tradicional Carnaval dos Carnavais, realizado em S\u00e3o Crist\u00f3v\u00e3o, Sergipe, ter\u00e1 in\u00edcio em 22 de fevereiro e seguir\u00e1 at\u00e9 4 de mar\u00e7o. A festa contar\u00e1 com cerca de 30 blocos e diversas apresenta\u00e7\u00f5es em palcos instalados no Eduardo Gomes e na Bica dos Pintos. A programa\u00e7\u00e3o ser\u00e1 aberta oficialmente no dia 22, \u00e0s 16h, com [&hellip;]<\/p>\n","protected":false},"author":2,"featured_media":348158,"comment_status":"closed","ping_status":"closed","sticky":false,"template":"","format":"standard","meta":{"_acf_changed":false,"footnotes":""},"categories":[165],"tags":[],"class_list":["post-348157","post","type-post","status-publish","format-standard","has-post-thumbnail","hentry","category-nordeste"],"acf":[],"_links":{"self":[{"href":"https:\/\/www.notibras.com\/site\/wp-json\/wp\/v2\/posts\/348157","targetHints":{"allow":["GET"]}}],"collection":[{"href":"https:\/\/www.notibras.com\/site\/wp-json\/wp\/v2\/posts"}],"about":[{"href":"https:\/\/www.notibras.com\/site\/wp-json\/wp\/v2\/types\/post"}],"author":[{"embeddable":true,"href":"https:\/\/www.notibras.com\/site\/wp-json\/wp\/v2\/users\/2"}],"replies":[{"embeddable":true,"href":"https:\/\/www.notibras.com\/site\/wp-json\/wp\/v2\/comments?post=348157"}],"version-history":[{"count":1,"href":"https:\/\/www.notibras.com\/site\/wp-json\/wp\/v2\/posts\/348157\/revisions"}],"predecessor-version":[{"id":348159,"href":"https:\/\/www.notibras.com\/site\/wp-json\/wp\/v2\/posts\/348157\/revisions\/348159"}],"wp:featuredmedia":[{"embeddable":true,"href":"https:\/\/www.notibras.com\/site\/wp-json\/wp\/v2\/media\/348158"}],"wp:attachment":[{"href":"https:\/\/www.notibras.com\/site\/wp-json\/wp\/v2\/media?parent=348157"}],"wp:term":[{"taxonomy":"category","embeddable":true,"href":"https:\/\/www.notibras.com\/site\/wp-json\/wp\/v2\/categories?post=348157"},{"taxonomy":"post_tag","embeddable":true,"href":"https:\/\/www.notibras.com\/site\/wp-json\/wp\/v2\/tags?post=348157"}],"curies":[{"name":"wp","href":"https:\/\/api.w.org\/{rel}","templated":true}]}}