{"id":348165,"date":"2025-02-17T06:05:22","date_gmt":"2025-02-17T09:05:22","guid":{"rendered":"https:\/\/www.notibras.com\/site\/?p=348165"},"modified":"2025-02-17T08:08:19","modified_gmt":"2025-02-17T11:08:19","slug":"justica-arquiva-inquerito-que-investigava-jaques-wagner","status":"publish","type":"post","link":"https:\/\/www.notibras.com\/site\/justica-arquiva-inquerito-que-investigava-jaques-wagner\/","title":{"rendered":"Justi\u00e7a arquiva inqu\u00e9rito que investigava Jaques Wagner"},"content":{"rendered":"<p>A 2\u00aa Vara Federal Criminal da Bahia determinou o arquivamento do inqu\u00e9rito policial que investigava o senador e ex-governador Jaques Wagner (PT) por suspeita de lavagem de dinheiro.<\/p>\n<p>A decis\u00e3o foi homologada na ter\u00e7a-feira (11), mas s\u00f3 veio a p\u00fablico agora. O Juiz Federal F\u00e1bio Moreira Ramiro assinou o arquivamento, seguindo a recomenda\u00e7\u00e3o do Minist\u00e9rio P\u00fablico Federal (MPF), que solicitou o encerramento das investiga\u00e7\u00f5es.<\/p>\n<p>Iniciado em 2018, o inqu\u00e9rito se estendeu por quase sete anos. Ao final das investiga\u00e7\u00f5es, o MPF concluiu que n\u00e3o havia elementos suficientes para comprovar a materialidade e autoria do crime, ap\u00f3s analisar dados da Opera\u00e7\u00e3o Cart\u00e3o Vermelho e realizar per\u00edcias em dispositivos celulares.<\/p>\n<p>Na decis\u00e3o, o magistrado ressaltou que a revis\u00e3o do arquivamento cabe ao pr\u00f3prio MPF, conforme determina\u00e7\u00e3o do Supremo Tribunal Federal (STF). No entanto, o Poder Judici\u00e1rio pode intervir caso identifique ilegalidade manifesta ou distor\u00e7\u00e3o evidente na decis\u00e3o do Minist\u00e9rio P\u00fablico. Nesse caso, o juiz n\u00e3o identificou qualquer irregularidade no pedido de arquivamento.<\/p>\n<p>O processo ficar\u00e1 suspenso por 60 dias para avalia\u00e7\u00e3o da 5\u00aa C\u00e2mara de Coordena\u00e7\u00e3o e Revis\u00e3o do MPF. De acordo com o artigo 18 do C\u00f3digo de Processo Penal e a S\u00famula 524 do STF, as investiga\u00e7\u00f5es podem ser reabertas caso surjam novos elementos probat\u00f3rios.<\/p>\n<p>Em nota, o presidente do Partido dos Trabalhadores (PT) na Bahia, \u00c9den Valadares, criticou o que classificou como &#8220;persegui\u00e7\u00e3o pol\u00edtica aos petistas&#8221; por parte de integrantes da Lava Jato.<\/p>\n<p>&#8220;Wagner foi v\u00edtima da maior farsa pol\u00edtica e fraude jur\u00eddica do Brasil. Um processo com evidentes e comprovados v\u00edcios, de car\u00e1ter pol\u00edtico, que resultou na ascens\u00e3o de Moro e Bolsonaro ao poder&#8221;, declarou \u00c9den.<\/p>\n<p>O dirigente estadual lamentou ainda a &#8220;interfer\u00eancia de interesses pol\u00edticos no Judici\u00e1rio para prejudicar e desmoralizar pol\u00edticos \u00edntegros, como o senador&#8221;.<\/p>\n<p>&#8220;Quando a pol\u00edtica entra no tribunal, a justi\u00e7a sai pela janela. Infelizmente, foi isso que aconteceu. Wagner foi alvo de uma campanha desonesta por ser uma das principais lideran\u00e7as do PT na Bahia e no Brasil&#8221;, afirmou.<\/p>\n","protected":false},"excerpt":{"rendered":"<p>A 2\u00aa Vara Federal Criminal da Bahia determinou o arquivamento do inqu\u00e9rito policial que investigava o senador e ex-governador Jaques Wagner (PT) por suspeita de lavagem de dinheiro. A decis\u00e3o foi homologada na ter\u00e7a-feira (11), mas s\u00f3 veio a p\u00fablico agora. O Juiz Federal F\u00e1bio Moreira Ramiro assinou o arquivamento, seguindo a recomenda\u00e7\u00e3o do Minist\u00e9rio [&hellip;]<\/p>\n","protected":false},"author":2,"featured_media":81595,"comment_status":"closed","ping_status":"closed","sticky":false,"template":"","format":"standard","meta":{"_acf_changed":false,"footnotes":""},"categories":[165],"tags":[],"class_list":["post-348165","post","type-post","status-publish","format-standard","has-post-thumbnail","hentry","category-nordeste"],"acf":[],"_links":{"self":[{"href":"https:\/\/www.notibras.com\/site\/wp-json\/wp\/v2\/posts\/348165","targetHints":{"allow":["GET"]}}],"collection":[{"href":"https:\/\/www.notibras.com\/site\/wp-json\/wp\/v2\/posts"}],"about":[{"href":"https:\/\/www.notibras.com\/site\/wp-json\/wp\/v2\/types\/post"}],"author":[{"embeddable":true,"href":"https:\/\/www.notibras.com\/site\/wp-json\/wp\/v2\/users\/2"}],"replies":[{"embeddable":true,"href":"https:\/\/www.notibras.com\/site\/wp-json\/wp\/v2\/comments?post=348165"}],"version-history":[{"count":1,"href":"https:\/\/www.notibras.com\/site\/wp-json\/wp\/v2\/posts\/348165\/revisions"}],"predecessor-version":[{"id":348166,"href":"https:\/\/www.notibras.com\/site\/wp-json\/wp\/v2\/posts\/348165\/revisions\/348166"}],"wp:featuredmedia":[{"embeddable":true,"href":"https:\/\/www.notibras.com\/site\/wp-json\/wp\/v2\/media\/81595"}],"wp:attachment":[{"href":"https:\/\/www.notibras.com\/site\/wp-json\/wp\/v2\/media?parent=348165"}],"wp:term":[{"taxonomy":"category","embeddable":true,"href":"https:\/\/www.notibras.com\/site\/wp-json\/wp\/v2\/categories?post=348165"},{"taxonomy":"post_tag","embeddable":true,"href":"https:\/\/www.notibras.com\/site\/wp-json\/wp\/v2\/tags?post=348165"}],"curies":[{"name":"wp","href":"https:\/\/api.w.org\/{rel}","templated":true}]}}