{"id":348179,"date":"2025-02-17T08:59:50","date_gmt":"2025-02-17T11:59:50","guid":{"rendered":"https:\/\/www.notibras.com\/site\/?p=348179"},"modified":"2025-02-17T08:59:50","modified_gmt":"2025-02-17T11:59:50","slug":"da-asa-norte-a-planaltina-tempo-passando-e-enfim-a-descoberta-do-autismo","status":"publish","type":"post","link":"https:\/\/www.notibras.com\/site\/da-asa-norte-a-planaltina-tempo-passando-e-enfim-a-descoberta-do-autismo\/","title":{"rendered":"Da Asa Norte a Planaltina, tempo passando, e enfim a descoberta do autismo"},"content":{"rendered":"<p>N\u00e3o sou que nem essa gente que confia de cara em desconhecidos. Meu marido me diz que puxei isso da minha av\u00f3 materna, que era ind\u00edgena. Errada n\u00e3o estava, havia vista o genoc\u00eddio orquestrado pelos europeus que aqui chegaram.<\/p>\n<p>Lembro-me de uma vez que, ainda menina, mudei pela primeira vez de casa. Fomos para uma resid\u00eancia maior em Planaltina, quintal a perder de vista, numa rua cheia de casas parecidas com a nossa. Por conta dessa mudan\u00e7a, fui matriculada em outra escola, que ficava a duas quadras de onde mor\u00e1vamos. Hoje, adulta que sou, percebo que a dist\u00e2ncia n\u00e3o era tanta, mas que me parecia enorme para as pernas curtas dos meus ent\u00e3o nove anos.<\/p>\n<p>Todas aquelas novidades n\u00e3o me fizeram bem, ainda mais porque aconteceram todas de uma vez. Sei que antes mor\u00e1vamos em um apartamento min\u00fasculo na Asa Norte e, ent\u00e3o, o nosso novo lar, al\u00e9m de muito maior, ainda possu\u00eda um belo jardim, com algumas \u00e1rvores frut\u00edferas, onde passarinhos apareciam diariamente. O problema \u00e9 que eu j\u00e1 estava adaptada ao meu quarto, conhecia cada taco do piso, inclusive dois ou tr\u00eas soltos.<\/p>\n<p>Assim que o sinal tocou, desorientada que estava, sa\u00ed da sala e segui o fluxo at\u00e9 o port\u00e3o do col\u00e9gio. Mam\u00e3e, toda sorridente, me abra\u00e7ou e me deu um beijo no topo da cabe\u00e7a.<\/p>\n<p>\u2014 E a\u00ed, Sofia, me conta como foi o seu primeiro dia? Fez quantos amiguinhos novos?<\/p>\n<p>N\u00e3o sei exatamente a cara que fiz, mas deve ter sido algo que minha m\u00e3e n\u00e3o esperava.<\/p>\n<p>\u2014 O que foi, minha filha? Algu\u00e9m brigou com voc\u00ea?<\/p>\n<p>\u2014 N\u00e3o.<\/p>\n<p>\u2014 E por que voc\u00ea t\u00e1 com essa cara?<\/p>\n<p>Por que eu estava com aquela cara? Aquilo nem eu saberia responder, ainda mais naquela \u00e9poca. \u00c9 verdade que consegui fazer amizades na escola e at\u00e9 na rua onde mor\u00e1vamos. Levou algum tempo, mas me adaptei do meu jeito. Mesmo assim, quase sempre, eu era a garota quase muda, a que observava tudo ou, ent\u00e3o, se perdia em pensamentos no horizonte, mesmo que estivesse parada diante de um muro.<\/p>\n<p>Chegou a adolesc\u00eancia, depois a faculdade, onde conheci o Jos\u00e9 Carlos, que, anos depois, se tornou meu marido. Foi ele que, j\u00e1 tendo lido sobre o assunto, come\u00e7ou a desconfiar desse meu modo particular de ser. Pois \u00e9, o Zeca estava certo, como ficou provado com o diagn\u00f3stico que recebi recentemente, perto de completar 45 anos. Sou autista.<\/p>\n<p>&#8230;&#8230;&#8230;&#8230;&#8230;&#8230;&#8230;&#8230;&#8230;&#8230;&#8230;&#8230;&#8230;<\/p>\n<p><strong>Eduardo Mart\u00ednez \u00e9 autor do livro 57 Contos e Cr\u00f4nicas por um Autor Muito Velho\u2019<\/strong><\/p>\n<p>Compre aqui\u00a0<span class=\"x19la9d6 x1fc57z9 x6ikm8r x10wlt62 x19co3pv x1g5zs5t xfibh0p xiy17q3 x1xsqp64 x1lkfr7t xexx8yu x4uap5 x18d9i69 xkhd6sd\"><span class=\"xrtxmta x1bhl96m\"><img decoding=\"async\" class=\"emoji\" role=\"img\" draggable=\"false\" src=\"https:\/\/s.w.org\/images\/core\/emoji\/15.0.3\/svg\/1f447-1f3ff.svg\" alt=\"&#x1f447;&#x1f3ff;\" \/><\/span><\/span><\/p>\n<p><a href=\"https:\/\/www.joanineditora.com.br\/57-contos-e-cronicas-por-um-autor-muito-velho\">https:\/\/www.joanineditora.com.br\/57-contos-e-cronicas-por-um-autor-muito-velho<\/a><\/p>\n","protected":false},"excerpt":{"rendered":"<p>N\u00e3o sou que nem essa gente que confia de cara em desconhecidos. Meu marido me diz que puxei isso da minha av\u00f3 materna, que era ind\u00edgena. Errada n\u00e3o estava, havia vista o genoc\u00eddio orquestrado pelos europeus que aqui chegaram. Lembro-me de uma vez que, ainda menina, mudei pela primeira vez de casa. Fomos para uma [&hellip;]<\/p>\n","protected":false},"author":2,"featured_media":348180,"comment_status":"closed","ping_status":"closed","sticky":false,"template":"","format":"standard","meta":{"_acf_changed":false,"footnotes":""},"categories":[161],"tags":[],"class_list":["post-348179","post","type-post","status-publish","format-standard","has-post-thumbnail","hentry","category-quadradinho-em-foco"],"acf":[],"_links":{"self":[{"href":"https:\/\/www.notibras.com\/site\/wp-json\/wp\/v2\/posts\/348179","targetHints":{"allow":["GET"]}}],"collection":[{"href":"https:\/\/www.notibras.com\/site\/wp-json\/wp\/v2\/posts"}],"about":[{"href":"https:\/\/www.notibras.com\/site\/wp-json\/wp\/v2\/types\/post"}],"author":[{"embeddable":true,"href":"https:\/\/www.notibras.com\/site\/wp-json\/wp\/v2\/users\/2"}],"replies":[{"embeddable":true,"href":"https:\/\/www.notibras.com\/site\/wp-json\/wp\/v2\/comments?post=348179"}],"version-history":[{"count":1,"href":"https:\/\/www.notibras.com\/site\/wp-json\/wp\/v2\/posts\/348179\/revisions"}],"predecessor-version":[{"id":348181,"href":"https:\/\/www.notibras.com\/site\/wp-json\/wp\/v2\/posts\/348179\/revisions\/348181"}],"wp:featuredmedia":[{"embeddable":true,"href":"https:\/\/www.notibras.com\/site\/wp-json\/wp\/v2\/media\/348180"}],"wp:attachment":[{"href":"https:\/\/www.notibras.com\/site\/wp-json\/wp\/v2\/media?parent=348179"}],"wp:term":[{"taxonomy":"category","embeddable":true,"href":"https:\/\/www.notibras.com\/site\/wp-json\/wp\/v2\/categories?post=348179"},{"taxonomy":"post_tag","embeddable":true,"href":"https:\/\/www.notibras.com\/site\/wp-json\/wp\/v2\/tags?post=348179"}],"curies":[{"name":"wp","href":"https:\/\/api.w.org\/{rel}","templated":true}]}}