{"id":348186,"date":"2025-02-17T11:55:26","date_gmt":"2025-02-17T14:55:26","guid":{"rendered":"https:\/\/www.notibras.com\/site\/?p=348186"},"modified":"2025-02-17T11:59:14","modified_gmt":"2025-02-17T14:59:14","slug":"condenado-por-danos-morais-jose-seabra-paga-46-04801-a-celina-leao","status":"publish","type":"post","link":"https:\/\/www.notibras.com\/site\/condenado-por-danos-morais-jose-seabra-paga-46-04801-a-celina-leao\/","title":{"rendered":"Condenado por danos morais, Jos\u00e9 Seabra paga 46.048,01 a Celina Le\u00e3o"},"content":{"rendered":"<p>Decis\u00f5es judiciais s\u00e3o atos dos quais o Estado se vale para manifestar sua soberania e poder sobre os cidad\u00e3os. Vem da\u00ed a inquestion\u00e1vel tese de que ordem judicial n\u00e3o se discute, cumpre-se. Foi o que fez o jornalista Jos\u00e9 Seabra Neto, fundador de <strong>Notibras<\/strong>.<\/p>\n<p>Independentemente de qualquer ju\u00edzo de valor, ele se viu obrigado a manchar sua hist\u00f3ria jornal\u00edstica de cinco d\u00e9cadas e, sem novas argumenta\u00e7\u00f5es contra a for\u00e7a, a aceitar a decis\u00e3o judicial, sob pena de, a\u00ed sim, cometer um crime: o de desobedi\u00eancia.<\/p>\n<p>R\u00e9u em uma a\u00e7\u00e3o movida pela vice-governadora do Distrito Federal Celina Le\u00e3o (PP), Jos\u00e9 Seabra teve de recorrer a amigos de ontem, de hoje e de sempre, os quais, por meio de uma vaquinha virtual, conseguiram arrecadar o montante exigido pela defesa da vice-governadora.<\/p>\n<p><img loading=\"lazy\" decoding=\"async\" class=\"wp-image-348194 aligncenter\" src=\"https:\/\/www.notibras.com\/site\/wp-content\/uploads\/2025\/02\/celina.pix_.2-300x291.jpg\" alt=\"\" width=\"373\" height=\"362\" srcset=\"https:\/\/www.notibras.com\/site\/wp-content\/uploads\/2025\/02\/celina.pix_.2-300x291.jpg 300w, https:\/\/www.notibras.com\/site\/wp-content\/uploads\/2025\/02\/celina.pix_.2-1024x992.jpg 1024w, https:\/\/www.notibras.com\/site\/wp-content\/uploads\/2025\/02\/celina.pix_.2-768x744.jpg 768w, https:\/\/www.notibras.com\/site\/wp-content\/uploads\/2025\/02\/celina.pix_.2.jpg 1170w\" sizes=\"auto, (max-width: 373px) 100vw, 373px\" \/><\/p>\n<p>Exclusivamente por conta da amizade, o jornalista arrecadou os R$ 46 mil necess\u00e1rios para quita\u00e7\u00e3o da d\u00edvida de R$ 46.048.01. Os valores foram recolhidos nesta segunda (17) ao Banco Regional de Bras\u00edlia (BRB), conforme documento 0709110155001913087.<\/p>\n<p>Por uma dessas injusti\u00e7as do destino, Jos\u00e9 Seabra Neto, reconhecidamente um dos grandes jornalistas investigativos do Brasil e de Bras\u00edlia, virou ca\u00e7a. Reiteramos que n\u00e3o h\u00e1 o que discutir sobre a decis\u00e3o beneficiando Celina Le\u00e3o.<\/p>\n<p><img loading=\"lazy\" decoding=\"async\" class=\"wp-image-348195 aligncenter\" src=\"https:\/\/www.notibras.com\/site\/wp-content\/uploads\/2025\/02\/celinapixa.3-300x231.jpg\" alt=\"\" width=\"377\" height=\"290\" srcset=\"https:\/\/www.notibras.com\/site\/wp-content\/uploads\/2025\/02\/celinapixa.3-300x231.jpg 300w, https:\/\/www.notibras.com\/site\/wp-content\/uploads\/2025\/02\/celinapixa.3-1024x789.jpg 1024w, https:\/\/www.notibras.com\/site\/wp-content\/uploads\/2025\/02\/celinapixa.3-768x591.jpg 768w, https:\/\/www.notibras.com\/site\/wp-content\/uploads\/2025\/02\/celinapixa.3.jpg 1170w\" sizes=\"auto, (max-width: 377px) 100vw, 377px\" \/><\/p>\n<p>No entanto, vale registrar que, felizmente, existe a justi\u00e7a de Deus. Nela, n\u00e3o h\u00e1 puni\u00e7\u00e3o, mas sim a colheita daquilo que plantamos. Jos\u00e9 Seabra Neto pode ser acusado de tudo, menos da falta de coragem para admitir que tamb\u00e9m pode falhar na hora do plantio.<\/p>\n<p>Manda quem pode, obedece quem tem ju\u00edzo. Livre do processo, o que muito nos honra, e a toda a equipe de <strong>Notibras<\/strong>, Seabrinha deixa de ser ca\u00e7a. E, para lembrar Chico Buarque, amanh\u00e3 ser\u00e1 outro dia.<\/p>\n<p>&#8230;&#8230;&#8230;&#8230;&#8230;&#8230;..<\/p>\n<p><strong>Marta Nobre \u00e9 Editora-Executiva de Notibras<\/strong><\/p>\n<p><strong>Sonja Tavares \u00e9 Editora de Politica de Notibras<\/strong><\/p>\n","protected":false},"excerpt":{"rendered":"<p>Decis\u00f5es judiciais s\u00e3o atos dos quais o Estado se vale para manifestar sua soberania e poder sobre os cidad\u00e3os. Vem da\u00ed a inquestion\u00e1vel tese de que ordem judicial n\u00e3o se discute, cumpre-se. Foi o que fez o jornalista Jos\u00e9 Seabra Neto, fundador de Notibras. Independentemente de qualquer ju\u00edzo de valor, ele se viu obrigado a [&hellip;]<\/p>\n","protected":false},"author":2,"featured_media":348193,"comment_status":"closed","ping_status":"closed","sticky":false,"template":"","format":"standard","meta":{"_acf_changed":false,"footnotes":""},"categories":[161],"tags":[95],"class_list":["post-348186","post","type-post","status-publish","format-standard","has-post-thumbnail","hentry","category-quadradinho-em-foco","tag-capa"],"acf":[],"_links":{"self":[{"href":"https:\/\/www.notibras.com\/site\/wp-json\/wp\/v2\/posts\/348186","targetHints":{"allow":["GET"]}}],"collection":[{"href":"https:\/\/www.notibras.com\/site\/wp-json\/wp\/v2\/posts"}],"about":[{"href":"https:\/\/www.notibras.com\/site\/wp-json\/wp\/v2\/types\/post"}],"author":[{"embeddable":true,"href":"https:\/\/www.notibras.com\/site\/wp-json\/wp\/v2\/users\/2"}],"replies":[{"embeddable":true,"href":"https:\/\/www.notibras.com\/site\/wp-json\/wp\/v2\/comments?post=348186"}],"version-history":[{"count":2,"href":"https:\/\/www.notibras.com\/site\/wp-json\/wp\/v2\/posts\/348186\/revisions"}],"predecessor-version":[{"id":348196,"href":"https:\/\/www.notibras.com\/site\/wp-json\/wp\/v2\/posts\/348186\/revisions\/348196"}],"wp:featuredmedia":[{"embeddable":true,"href":"https:\/\/www.notibras.com\/site\/wp-json\/wp\/v2\/media\/348193"}],"wp:attachment":[{"href":"https:\/\/www.notibras.com\/site\/wp-json\/wp\/v2\/media?parent=348186"}],"wp:term":[{"taxonomy":"category","embeddable":true,"href":"https:\/\/www.notibras.com\/site\/wp-json\/wp\/v2\/categories?post=348186"},{"taxonomy":"post_tag","embeddable":true,"href":"https:\/\/www.notibras.com\/site\/wp-json\/wp\/v2\/tags?post=348186"}],"curies":[{"name":"wp","href":"https:\/\/api.w.org\/{rel}","templated":true}]}}