{"id":348188,"date":"2025-02-17T11:24:53","date_gmt":"2025-02-17T14:24:53","guid":{"rendered":"https:\/\/www.notibras.com\/site\/?p=348188"},"modified":"2025-02-17T11:24:53","modified_gmt":"2025-02-17T14:24:53","slug":"bailinho-de-carnaval-vem-ai-para-animar-o-terraco","status":"publish","type":"post","link":"https:\/\/www.notibras.com\/site\/bailinho-de-carnaval-vem-ai-para-animar-o-terraco\/","title":{"rendered":"Bailinho de Carnaval vem a\u00ed para animar o Terra\u00e7o"},"content":{"rendered":"<p>O tradicional e mais aguardado bailinho est\u00e1 chegando no Terra\u00e7o Shopping, dia 2 de mar\u00e7o, domingo de Carnaval. O shopping est\u00e1 preparando uma super festa, que vai encantar crian\u00e7as e adultos, convocando todos os foli\u00f5es mirins e suas fam\u00edlias, para virem fantasiados e aproveitarem uma tarde bem colorida, de muita m\u00fasica e alegria. O Bailinho do Terra\u00e7o inicia \u00e0s 13h, na \u00e1rea externa do shopping.<\/p>\n<p>A crian\u00e7ada vai se divertir com uma variedade de brinquedos, infl\u00e1veis e divertidos, al\u00e9m do Camarim Fashion, montado exclusivamente para que os foli\u00f5es possam incrementar ainda mais as fantasias. O embalo ficar\u00e1 por conta das tradicionais marchinhas de Carnaval, animadamente tocadas pelas atra\u00e7\u00f5es musicais, come\u00e7ando pelas meninas da banda Elas Que Toquem. Criada em 2020, o grupo \u00e9 formado s\u00f3 por mulheres vem agitando os palcos com o melhor do samba.<\/p>\n<p>Outra atra\u00e7\u00e3o carnavalesca ser\u00e1 a Cafu\u00e7u do Cerrado, banda que surgiu em 2016 para se tornar a banda oficial do Bloco Cafu\u00e7u do Cerrado que traz o Carnaval nordestino para o Planalto Central, com inspira\u00e7\u00e3o no bloco Cafu\u00e7u de Jo\u00e3o Pessoa.<\/p>\n<p>E a anima\u00e7\u00e3o continua com a banda Ventoinha de Canudo. O grupo, formado em 2004 como o bloco de Carnaval &#8220;Teu pai pifado \u00e9 minha tia na banguela&#8221;, representa bem o esp\u00edrito de brincadeira e divers\u00e3o que seus integrantes queriam somar ao Carnaval de Bras\u00edlia. A banda \u00e9 composta por sete m\u00fasicos, sendo quatro p\u00edfanos e tr\u00eas percussionistas, em roupas e chap\u00e9us coloridos. Com m\u00fasicas alegres e dan\u00e7antes, os integrantes do grupo contagiam e envolvem p\u00fablicos de todas as idades.<\/p>\n<p><strong>Servi\u00e7o:<\/strong><br \/>\nBailinho Infantil do Terra\u00e7o<br \/>\nData: 02\/03, domingo<br \/>\nHor\u00e1rio: das 13h \u00e0s 18h<br \/>\nAtividades:<br \/>\nAnima\u00e7\u00e3o infantil<br \/>\nBrinquedos<br \/>\nCamarim fashion tem\u00e1tico<br \/>\nBanda &#8220;Elas que Toquem&#8221;<br \/>\nBanda &#8220;Cafu\u00e7u do Cerrado&#8221;<br \/>\nBanda &#8220;Ventoinha de Canudo&#8221;<\/p>\n","protected":false},"excerpt":{"rendered":"<p>O tradicional e mais aguardado bailinho est\u00e1 chegando no Terra\u00e7o Shopping, dia 2 de mar\u00e7o, domingo de Carnaval. O shopping est\u00e1 preparando uma super festa, que vai encantar crian\u00e7as e adultos, convocando todos os foli\u00f5es mirins e suas fam\u00edlias, para virem fantasiados e aproveitarem uma tarde bem colorida, de muita m\u00fasica e alegria. O Bailinho [&hellip;]<\/p>\n","protected":false},"author":2,"featured_media":348189,"comment_status":"closed","ping_status":"closed","sticky":false,"template":"","format":"standard","meta":{"_acf_changed":false,"footnotes":""},"categories":[161],"tags":[],"class_list":["post-348188","post","type-post","status-publish","format-standard","has-post-thumbnail","hentry","category-quadradinho-em-foco"],"acf":[],"_links":{"self":[{"href":"https:\/\/www.notibras.com\/site\/wp-json\/wp\/v2\/posts\/348188","targetHints":{"allow":["GET"]}}],"collection":[{"href":"https:\/\/www.notibras.com\/site\/wp-json\/wp\/v2\/posts"}],"about":[{"href":"https:\/\/www.notibras.com\/site\/wp-json\/wp\/v2\/types\/post"}],"author":[{"embeddable":true,"href":"https:\/\/www.notibras.com\/site\/wp-json\/wp\/v2\/users\/2"}],"replies":[{"embeddable":true,"href":"https:\/\/www.notibras.com\/site\/wp-json\/wp\/v2\/comments?post=348188"}],"version-history":[{"count":1,"href":"https:\/\/www.notibras.com\/site\/wp-json\/wp\/v2\/posts\/348188\/revisions"}],"predecessor-version":[{"id":348190,"href":"https:\/\/www.notibras.com\/site\/wp-json\/wp\/v2\/posts\/348188\/revisions\/348190"}],"wp:featuredmedia":[{"embeddable":true,"href":"https:\/\/www.notibras.com\/site\/wp-json\/wp\/v2\/media\/348189"}],"wp:attachment":[{"href":"https:\/\/www.notibras.com\/site\/wp-json\/wp\/v2\/media?parent=348188"}],"wp:term":[{"taxonomy":"category","embeddable":true,"href":"https:\/\/www.notibras.com\/site\/wp-json\/wp\/v2\/categories?post=348188"},{"taxonomy":"post_tag","embeddable":true,"href":"https:\/\/www.notibras.com\/site\/wp-json\/wp\/v2\/tags?post=348188"}],"curies":[{"name":"wp","href":"https:\/\/api.w.org\/{rel}","templated":true}]}}