{"id":348216,"date":"2025-02-18T02:47:00","date_gmt":"2025-02-18T05:47:00","guid":{"rendered":"https:\/\/www.notibras.com\/site\/?p=348216"},"modified":"2025-02-17T19:48:49","modified_gmt":"2025-02-17T22:48:49","slug":"detran-cria-cenas-de-terror-com-roteiro-de-stephen-king","status":"publish","type":"post","link":"https:\/\/www.notibras.com\/site\/detran-cria-cenas-de-terror-com-roteiro-de-stephen-king\/","title":{"rendered":"Detran cria cenas de terror com roteiro de Stephen King"},"content":{"rendered":"<p>Volto \u00e0 reda\u00e7\u00e3o ap\u00f3s um merecido per\u00edodo de f\u00e9rias. Mas me estarrece logo no primeiro dia uma situa\u00e7\u00e3o constrangedora, provocada no \u00e2mbito do Departamento de Tr\u00e2nsito. \u00c9 certo que Bras\u00edlia nunca foi um para\u00edso para quem se arrisca no tr\u00e2nsito, mas a cidade, projetada para a fluidez, se tornou um campo minado de imprud\u00eancias, atropelamentos e acidentes di\u00e1rios. O caos sobre rodas se espalha por suas largas avenidas, enquanto as estat\u00edsticas de v\u00edtimas crescem como erva daninha. Mas esses, embora graves, n\u00e3o s\u00e3o os \u00fanicos problemas.<\/p>\n<p>Se j\u00e1 n\u00e3o bastassem os motoristas irrespons\u00e1veis, h\u00e1 um outro perigo \u00e0 espreita: a trucul\u00eancia de quem deveria zelar pela ordem. N\u00e3o \u00e9 de hoje que agentes de tr\u00e2nsito s\u00e3o acusados de abusos, mas agora, a situa\u00e7\u00e3o escalou para al\u00e9m das abordagens r\u00edspidas e multas arbitr\u00e1rias.<\/p>\n<p>Em cenas que mais lembram um filme de a\u00e7\u00e3o descontrolado, servidores do Detran foram flagrados arrancando motorista de seu ve\u00edculo \u00e0 for\u00e7a, jogando-o ao ch\u00e3o sem qualquer justificativa plaus\u00edvel. O v\u00eddeo, divulgado pelo G1, choca e revolta. Quem deu esse poder aos agentes? Quem fiscaliza os que deveriam fiscalizar?<\/p>\n<p>Enquanto isso, velhos mist\u00e9rios permanecem sem resposta. A mem\u00f3ria de um acidente fatal na ponte do Bragueto ainda ecoa, envolta em sombras e d\u00favidas. O condutor respons\u00e1vel? Um hoje parlamentar, protegido pelo manto da impunidade. Bras\u00edlia segue seu curso, imponente e fria, onde a lei parece ter dois pesos e duas medidas. No asfalto e nos gabinetes, quem tem poder passa ileso, enquanto os demais se tornam estat\u00edstica ou, pior, v\u00edtimas da pr\u00f3pria fiscaliza\u00e7\u00e3o.<\/p>\n<p>&#8230;&#8230;&#8230;&#8230;&#8230;&#8230;&#8230;&#8230;&#8230;&#8230;&#8230;&#8230;<\/p>\n<p><strong>Carolina Paiva \u00e9 Editora do Quadradinho em Foco<\/strong><\/p>\n","protected":false},"excerpt":{"rendered":"<p>Volto \u00e0 reda\u00e7\u00e3o ap\u00f3s um merecido per\u00edodo de f\u00e9rias. Mas me estarrece logo no primeiro dia uma situa\u00e7\u00e3o constrangedora, provocada no \u00e2mbito do Departamento de Tr\u00e2nsito. \u00c9 certo que Bras\u00edlia nunca foi um para\u00edso para quem se arrisca no tr\u00e2nsito, mas a cidade, projetada para a fluidez, se tornou um campo minado de imprud\u00eancias, atropelamentos [&hellip;]<\/p>\n","protected":false},"author":2,"featured_media":348217,"comment_status":"closed","ping_status":"closed","sticky":false,"template":"","format":"standard","meta":{"_acf_changed":false,"footnotes":""},"categories":[161],"tags":[],"class_list":["post-348216","post","type-post","status-publish","format-standard","has-post-thumbnail","hentry","category-quadradinho-em-foco"],"acf":[],"_links":{"self":[{"href":"https:\/\/www.notibras.com\/site\/wp-json\/wp\/v2\/posts\/348216","targetHints":{"allow":["GET"]}}],"collection":[{"href":"https:\/\/www.notibras.com\/site\/wp-json\/wp\/v2\/posts"}],"about":[{"href":"https:\/\/www.notibras.com\/site\/wp-json\/wp\/v2\/types\/post"}],"author":[{"embeddable":true,"href":"https:\/\/www.notibras.com\/site\/wp-json\/wp\/v2\/users\/2"}],"replies":[{"embeddable":true,"href":"https:\/\/www.notibras.com\/site\/wp-json\/wp\/v2\/comments?post=348216"}],"version-history":[{"count":2,"href":"https:\/\/www.notibras.com\/site\/wp-json\/wp\/v2\/posts\/348216\/revisions"}],"predecessor-version":[{"id":348219,"href":"https:\/\/www.notibras.com\/site\/wp-json\/wp\/v2\/posts\/348216\/revisions\/348219"}],"wp:featuredmedia":[{"embeddable":true,"href":"https:\/\/www.notibras.com\/site\/wp-json\/wp\/v2\/media\/348217"}],"wp:attachment":[{"href":"https:\/\/www.notibras.com\/site\/wp-json\/wp\/v2\/media?parent=348216"}],"wp:term":[{"taxonomy":"category","embeddable":true,"href":"https:\/\/www.notibras.com\/site\/wp-json\/wp\/v2\/categories?post=348216"},{"taxonomy":"post_tag","embeddable":true,"href":"https:\/\/www.notibras.com\/site\/wp-json\/wp\/v2\/tags?post=348216"}],"curies":[{"name":"wp","href":"https:\/\/api.w.org\/{rel}","templated":true}]}}