{"id":348220,"date":"2025-02-18T00:03:29","date_gmt":"2025-02-18T03:03:29","guid":{"rendered":"https:\/\/www.notibras.com\/site\/?p=348220"},"modified":"2025-02-17T20:04:46","modified_gmt":"2025-02-17T23:04:46","slug":"chico-denuncia-abuso-no-preco-do-ovo-e-ceb-que-deixa-capital-no-escuro","status":"publish","type":"post","link":"https:\/\/www.notibras.com\/site\/chico-denuncia-abuso-no-preco-do-ovo-e-ceb-que-deixa-capital-no-escuro\/","title":{"rendered":"Chico denuncia abuso no pre\u00e7o do ovo e CEB que deixa capital no escuro"},"content":{"rendered":"<p>O deputado Chico Vigilante (PT) \u2013 presidente da Comiss\u00e3o de Defesa do Consumidor \u2013 soltou cobras e lagartos no Plen\u00e1rio da C\u00e2mara Legislativa contra o Procon e a CEB. Tamb\u00e9m, n\u00e3o \u00e9 para menos. Segundo o parlamentar, a entidade fiscalizadora de pre\u00e7os, e a estatal que fornece energia el\u00e9trica, parecem fechar os olhos para um quadro cada vez mais ca\u00f3tico.<\/p>\n<p>Em um duro pronunciamento, Chico reclamou do pre\u00e7o do ovo no Distrito Federal: \u201cA cartela que custava R$ 19 est\u00e1 custando R$ 33. Isso \u00e9 atentar contra a lei do consumidor e contra a popula\u00e7\u00e3o do DF\u201d. O parlamentar disse que ir\u00e1 acionar o Procon\/DF para \u201cinvestigar\u201d a situa\u00e7\u00e3o.<\/p>\n<p>Al\u00e9m disso, Vigilante criticou a falta de ilumina\u00e7\u00e3o p\u00fablica em v\u00e1rias localidades. \u201cEm todas as cidades, h\u00e1 defici\u00eancia de luz. S\u00e3o centenas, talvez milhares, de pontos que est\u00e3o escuros. Entretanto, a gente continua pagando, todos os meses, a taxa de ilumina\u00e7\u00e3o p\u00fablica\u201d, apontou.<\/p>\n<p>Segundo o distrital, ele ir\u00e1 realizar audi\u00eancia p\u00fablica com o presidente da CEB para tratar do planejamento para solucionar o problema. \u201cA cidade n\u00e3o pode ficar mergulhada na escurid\u00e3o\u201d, afirmou com uma voz de trov\u00e3o que segiu-se a um rel\u00e2mpago que, por obra divina, iluminou toda a cidade.<\/p>\n","protected":false},"excerpt":{"rendered":"<p>O deputado Chico Vigilante (PT) \u2013 presidente da Comiss\u00e3o de Defesa do Consumidor \u2013 soltou cobras e lagartos no Plen\u00e1rio da C\u00e2mara Legislativa contra o Procon e a CEB. Tamb\u00e9m, n\u00e3o \u00e9 para menos. Segundo o parlamentar, a entidade fiscalizadora de pre\u00e7os, e a estatal que fornece energia el\u00e9trica, parecem fechar os olhos para um [&hellip;]<\/p>\n","protected":false},"author":2,"featured_media":348221,"comment_status":"closed","ping_status":"closed","sticky":false,"template":"","format":"standard","meta":{"_acf_changed":false,"footnotes":""},"categories":[161],"tags":[],"class_list":["post-348220","post","type-post","status-publish","format-standard","has-post-thumbnail","hentry","category-quadradinho-em-foco"],"acf":[],"_links":{"self":[{"href":"https:\/\/www.notibras.com\/site\/wp-json\/wp\/v2\/posts\/348220","targetHints":{"allow":["GET"]}}],"collection":[{"href":"https:\/\/www.notibras.com\/site\/wp-json\/wp\/v2\/posts"}],"about":[{"href":"https:\/\/www.notibras.com\/site\/wp-json\/wp\/v2\/types\/post"}],"author":[{"embeddable":true,"href":"https:\/\/www.notibras.com\/site\/wp-json\/wp\/v2\/users\/2"}],"replies":[{"embeddable":true,"href":"https:\/\/www.notibras.com\/site\/wp-json\/wp\/v2\/comments?post=348220"}],"version-history":[{"count":1,"href":"https:\/\/www.notibras.com\/site\/wp-json\/wp\/v2\/posts\/348220\/revisions"}],"predecessor-version":[{"id":348222,"href":"https:\/\/www.notibras.com\/site\/wp-json\/wp\/v2\/posts\/348220\/revisions\/348222"}],"wp:featuredmedia":[{"embeddable":true,"href":"https:\/\/www.notibras.com\/site\/wp-json\/wp\/v2\/media\/348221"}],"wp:attachment":[{"href":"https:\/\/www.notibras.com\/site\/wp-json\/wp\/v2\/media?parent=348220"}],"wp:term":[{"taxonomy":"category","embeddable":true,"href":"https:\/\/www.notibras.com\/site\/wp-json\/wp\/v2\/categories?post=348220"},{"taxonomy":"post_tag","embeddable":true,"href":"https:\/\/www.notibras.com\/site\/wp-json\/wp\/v2\/tags?post=348220"}],"curies":[{"name":"wp","href":"https:\/\/api.w.org\/{rel}","templated":true}]}}