{"id":348223,"date":"2025-02-18T00:36:19","date_gmt":"2025-02-18T03:36:19","guid":{"rendered":"https:\/\/www.notibras.com\/site\/?p=348223"},"modified":"2025-02-17T20:37:49","modified_gmt":"2025-02-17T23:37:49","slug":"planalto-manda-fazer-varredura-nas-vendas-com-atrasos-na-terracap","status":"publish","type":"post","link":"https:\/\/www.notibras.com\/site\/planalto-manda-fazer-varredura-nas-vendas-com-atrasos-na-terracap\/","title":{"rendered":"Planalto manda fazer varredura nas vendas com atrasos na Terracap"},"content":{"rendered":"<p>Jonathas Assun\u00e7\u00e3o Salvador Nery de Castro, Mauro Benedito Santana Filho, Ricardo Soriano de Alencar e Erick Moura de Medeiros, foram instru\u00eddos pelo ministro Ruy Costa, ministro-chefe da Casa Civil de Lula, a usarem uma lupa para saberem o que anda jogando a Terracap no vermelho.<\/p>\n<p>Os tr\u00eas s\u00e3o conselheiros da Uni\u00e3o na empresa de terras de Bras\u00edlia, de economia mista. Ao trio foi dada a miss\u00e3o de cobrar respostas a supostas negociatas que estariam levando a estatal \u00e0 derrocada.<\/p>\n<p>O sinal vermelho foi aceso nesta segunda, 17, no Pal\u00e1cio do Planalto, ap\u00f3s a not\u00edcia de que a Terracap est\u00e1 dando um novo prazo para que os promitentes compradores acertem as contas com os cofres da empresa.<\/p>\n<p>Fontes bem situadas no Pal\u00e1cio do Planalto demonstraram estranheza com o fato de a Terracap ter encerrado abruptamente uma campanha de quita\u00e7\u00e3o de d\u00e9bitos, tipo pai para filho, com at\u00e9 100% de descontos sobre multas e juros de mora para as renegocia\u00e7\u00f5es de d\u00e9bitos em atraso.<\/p>\n<p>O mais estranho \u00e9 que Todas as renegocia\u00e7\u00f5es ser\u00e3o feitas observando os vencimentos anteriores a 12 de dezembro de 2024. Os clientes com parcelas em atraso junto \u00e0 Terracap podem obter at\u00e9 100% de descontos sobre os valores atualizados de multas e juros de mora \u2013 a depender do percentual m\u00ednimo de entrada, mantendo a corre\u00e7\u00e3o monet\u00e1ria da d\u00edvida principal.<\/p>\n<p>Essa decis\u00e3o vai contra os estatutos da Terracap. E como acionista da empresa &#8211; at\u00e9 porque \u00e9 propriet\u00e1ria de muitas das terras que est\u00e3o sendo vendidas a pre\u00e7o de fim de feira &#8211; a Uni\u00e3o tem interesse direto no assunto. O relat\u00f3rio pedido por Ruy Costa deve ser encaminhado ao Pal\u00e1cio do Planalto at\u00e9 o fim do m\u00eas.<\/p>\n","protected":false},"excerpt":{"rendered":"<p>Jonathas Assun\u00e7\u00e3o Salvador Nery de Castro, Mauro Benedito Santana Filho, Ricardo Soriano de Alencar e Erick Moura de Medeiros, foram instru\u00eddos pelo ministro Ruy Costa, ministro-chefe da Casa Civil de Lula, a usarem uma lupa para saberem o que anda jogando a Terracap no vermelho. Os tr\u00eas s\u00e3o conselheiros da Uni\u00e3o na empresa de terras [&hellip;]<\/p>\n","protected":false},"author":2,"featured_media":129096,"comment_status":"closed","ping_status":"closed","sticky":false,"template":"","format":"standard","meta":{"_acf_changed":false,"footnotes":""},"categories":[161],"tags":[],"class_list":["post-348223","post","type-post","status-publish","format-standard","has-post-thumbnail","hentry","category-quadradinho-em-foco"],"acf":[],"_links":{"self":[{"href":"https:\/\/www.notibras.com\/site\/wp-json\/wp\/v2\/posts\/348223","targetHints":{"allow":["GET"]}}],"collection":[{"href":"https:\/\/www.notibras.com\/site\/wp-json\/wp\/v2\/posts"}],"about":[{"href":"https:\/\/www.notibras.com\/site\/wp-json\/wp\/v2\/types\/post"}],"author":[{"embeddable":true,"href":"https:\/\/www.notibras.com\/site\/wp-json\/wp\/v2\/users\/2"}],"replies":[{"embeddable":true,"href":"https:\/\/www.notibras.com\/site\/wp-json\/wp\/v2\/comments?post=348223"}],"version-history":[{"count":1,"href":"https:\/\/www.notibras.com\/site\/wp-json\/wp\/v2\/posts\/348223\/revisions"}],"predecessor-version":[{"id":348224,"href":"https:\/\/www.notibras.com\/site\/wp-json\/wp\/v2\/posts\/348223\/revisions\/348224"}],"wp:featuredmedia":[{"embeddable":true,"href":"https:\/\/www.notibras.com\/site\/wp-json\/wp\/v2\/media\/129096"}],"wp:attachment":[{"href":"https:\/\/www.notibras.com\/site\/wp-json\/wp\/v2\/media?parent=348223"}],"wp:term":[{"taxonomy":"category","embeddable":true,"href":"https:\/\/www.notibras.com\/site\/wp-json\/wp\/v2\/categories?post=348223"},{"taxonomy":"post_tag","embeddable":true,"href":"https:\/\/www.notibras.com\/site\/wp-json\/wp\/v2\/tags?post=348223"}],"curies":[{"name":"wp","href":"https:\/\/api.w.org\/{rel}","templated":true}]}}