{"id":348225,"date":"2025-02-18T00:00:07","date_gmt":"2025-02-18T03:00:07","guid":{"rendered":"https:\/\/www.notibras.com\/site\/?p=348225"},"modified":"2025-02-17T20:49:26","modified_gmt":"2025-02-17T23:49:26","slug":"caminho-dos-veadeiros-entra-na-rede-nacional-de-trilhas","status":"publish","type":"post","link":"https:\/\/www.notibras.com\/site\/caminho-dos-veadeiros-entra-na-rede-nacional-de-trilhas\/","title":{"rendered":"Caminho dos Veadeiros entra na Rede Nacional de Trilhas"},"content":{"rendered":"<p>A Trilha Caminho dos Veadeiros, no estado de Goi\u00e1s, foi reconhecida nesta segunda-feira (17) como integrante da Rede Nacional de Trilhas de Longo Curso e Conectividade (RedeTrilhas). O percurso, com 483 quil\u00f4metros (km) para caminhada e duas rotas para cicloturismo, atravessa sete munic\u00edpios do estado pelos cen\u00e1rios da Serra Geral do Paran\u00e3.<\/p>\n<p>Segundo Samuel Schwaida, analista do Minist\u00e9rio do Meio Ambiente e Mudan\u00e7a do Clima (MMA) e volunt\u00e1rio do projeto Caminho dos Veadeiros, a conquista \u00e9 resultado de oito anos de trabalho fortemente apoiado no voluntariado para que a trilha pudesse ser acessada de forma democr\u00e1tica por ciclistas e caminhantes.<\/p>\n<p>\u201cA rota de caminhada ainda est\u00e1 em implementa\u00e7\u00e3o e tem alguns trechos liberados. As duas rotas de bicicleta foram sinalizadas, e j\u00e1 \u00e9 poss\u00edvel consultar todos os pontos de apoio mapeados e de articula\u00e7\u00e3o em todos os munic\u00edpios. Ent\u00e3o, as rotas de bicicleta j\u00e1 podem ser percorridas\u201d, informou Schwaida.<\/p>\n<p>A portaria, publicada no Di\u00e1rio Oficial da Uni\u00e3o, reconhece o Caminho dos Veadeiros como um importante corredor que conecta pontos de interesse do patrim\u00f4nio cultural e natural brasileiro, promovendo conserva\u00e7\u00e3o e gera\u00e7\u00e3o de renda a partir do turismo sustent\u00e1vel.<\/p>\n<p>A caminhada inclui as \u00e1reas de prote\u00e7\u00e3o ambiental (APAs) do Planalto Central e do Pouso Alegre e diversas reservas particulares do patrim\u00f4nio Natural, al\u00e9m do Parque Nacional da Chapada dos Veadeiros.<\/p>\n<p><strong>Hist\u00f3rico<\/strong><br \/>\nO projeto para estruturar a trilha teve in\u00edcio em 2017, junto com a pr\u00f3pria Rede Trilha, uma pol\u00edtica p\u00fablica do MMA, Instituto Chico Mendes de Conserva\u00e7\u00e3o da Biodiversidade (ICMBio) e Minist\u00e9rio do Turismo.<\/p>\n<p>\u201cDentro dessa ideia de criar uma rede nacional, foram pensadas algumas grandes trilhas no territ\u00f3rio nacional, dentre, as quais o Caminho dos Goyazes, um projeto que j\u00e1 estava em concep\u00e7\u00e3o, e a\u00ed foi feita uma conversa com o governo estadual na \u00e9poca para trazer esse Caminho dos Goyazes para dentro da ideia da Rede Nacional de Trilhas\u201d, lembrou Schwaida.<\/p>\n<p>A partir da\u00ed, volunt\u00e1rios se organizaram em um grupo de trabalho que deu in\u00edcio \u00e0 concep\u00e7\u00e3o do circuito. \u201cFizemos alguns estudos de mapa, usando imagens de sat\u00e9lite, dados de uso e cobertura do solo. E a\u00ed come\u00e7amos a montar o quebra-cabe\u00e7a, fomos descobrindo onde \u00e9 que j\u00e1 tinha trilha, onde n\u00e3o tinha. A \u00fanica orienta\u00e7\u00e3o que a gente tinha era de passar pelo Parque Municipal do Itiquira, em Formosa, e na regi\u00e3o da Catarata dos Couros, que hoje \u00e9 o Parque Estadual \u00c1guas do Para\u00edso, que foi criado nesse meio tempo. E que chegar\u00edamos a S\u00e3o Jorge\u201d, detalhou o analista.<\/p>\n<p>No final de 2018, foram definidos o nome e o percurso, come\u00e7ando na cidade de Formosa, a 80 quil\u00f4metros de Bras\u00edlia, e passando pelos munic\u00edpios de Planaltina, \u00c1gua Fria de Goi\u00e1s, S\u00e3o Jo\u00e3o d&#8217;Alian\u00e7a, Alto Para\u00edso de Goi\u00e1s, Colinas do Sul e Cavalcante. Todo o caminho est\u00e1 dentro do bioma Cerrado, e os quatro \u00faltimos munic\u00edpios s\u00e3o parte da Chapada dos Veadeiros.<\/p>\n<p>A trilha come\u00e7ou a ser sinalizada por pegadas amarelas, uma marca desenvolvida pela equipe do Parque Nacional da Chapada dos Veadeiros para marcar a trilha de longo curso dentro da unidade de conserva\u00e7\u00e3o. O trecho j\u00e1 pode ser percorrido por trilheiros.<\/p>\n<p>De acordo com Schwaida, o mapeamento de infraestrutura de apoio e sinaliza\u00e7\u00e3o do percurso foi impulsionado, em 2022, pelos projetos Global Environment Facility (GEF) para \u00c1reas Privadas e para a Conserva\u00e7\u00e3o de Esp\u00e9cies Amea\u00e7adas de Extin\u00e7\u00e3o, GEF \u00c1reas Privadas e GEF Pr\u00f3-Esp\u00e9cies, instrumentos de conserva\u00e7\u00e3o e redu\u00e7\u00e3o de amea\u00e7as \u00e0s esp\u00e9cies consideradas de criticamente em perigo (CR).<\/p>\n<p>Em 2023, os principais atores da sociedade civil envolvidos na implementa\u00e7\u00e3o do circuito se organizaram na Associa\u00e7\u00e3o Caminho dos Veadeiros (ACV), institui\u00e7\u00e3o respons\u00e1vel pelo di\u00e1logo com os \u00f3rg\u00e3os p\u00fablicos e comunidades, gest\u00e3o e divulga\u00e7\u00e3o das informa\u00e7\u00f5es relativas ao caminho e pelo manejo da trilha.<\/p>\n<p><strong>Recomenda\u00e7\u00f5es<\/strong><br \/>\nTodo o percurso, trechos para caminhada, mapa e pontos de apoio est\u00e3o dispon\u00edveis nas redes sociais da associa\u00e7\u00e3o, que traz tamb\u00e9m recomenda\u00e7\u00f5es sobre quilometragem di\u00e1ria, atrativos encontrados e orienta\u00e7\u00f5es sobre alimenta\u00e7\u00e3o e pernoite.<\/p>\n<p>\u201cA gente tem esse cuidado de orientar tamb\u00e9m os usu\u00e1rios com rela\u00e7\u00e3o ao m\u00ednimo impacto, ao respeito com o meio ambiente e ao cuidado nas pequenas propriedades. Ent\u00e3o, a pr\u00f3pria trilha foi planejada para evitar alguns problemas e como uma forma de gerar renda para as pessoas que vivem ali e tamb\u00e9m de gerar um manejo adequado, por exemplo, dos res\u00edduos, sem causar impacto ambiental\u201d, concluiu Schwaida.<\/p>\n","protected":false},"excerpt":{"rendered":"<p>A Trilha Caminho dos Veadeiros, no estado de Goi\u00e1s, foi reconhecida nesta segunda-feira (17) como integrante da Rede Nacional de Trilhas de Longo Curso e Conectividade (RedeTrilhas). O percurso, com 483 quil\u00f4metros (km) para caminhada e duas rotas para cicloturismo, atravessa sete munic\u00edpios do estado pelos cen\u00e1rios da Serra Geral do Paran\u00e3. Segundo Samuel Schwaida, [&hellip;]<\/p>\n","protected":false},"author":2,"featured_media":348226,"comment_status":"closed","ping_status":"closed","sticky":false,"template":"","format":"standard","meta":{"_acf_changed":false,"footnotes":""},"categories":[161],"tags":[],"class_list":["post-348225","post","type-post","status-publish","format-standard","has-post-thumbnail","hentry","category-quadradinho-em-foco"],"acf":[],"_links":{"self":[{"href":"https:\/\/www.notibras.com\/site\/wp-json\/wp\/v2\/posts\/348225","targetHints":{"allow":["GET"]}}],"collection":[{"href":"https:\/\/www.notibras.com\/site\/wp-json\/wp\/v2\/posts"}],"about":[{"href":"https:\/\/www.notibras.com\/site\/wp-json\/wp\/v2\/types\/post"}],"author":[{"embeddable":true,"href":"https:\/\/www.notibras.com\/site\/wp-json\/wp\/v2\/users\/2"}],"replies":[{"embeddable":true,"href":"https:\/\/www.notibras.com\/site\/wp-json\/wp\/v2\/comments?post=348225"}],"version-history":[{"count":1,"href":"https:\/\/www.notibras.com\/site\/wp-json\/wp\/v2\/posts\/348225\/revisions"}],"predecessor-version":[{"id":348227,"href":"https:\/\/www.notibras.com\/site\/wp-json\/wp\/v2\/posts\/348225\/revisions\/348227"}],"wp:featuredmedia":[{"embeddable":true,"href":"https:\/\/www.notibras.com\/site\/wp-json\/wp\/v2\/media\/348226"}],"wp:attachment":[{"href":"https:\/\/www.notibras.com\/site\/wp-json\/wp\/v2\/media?parent=348225"}],"wp:term":[{"taxonomy":"category","embeddable":true,"href":"https:\/\/www.notibras.com\/site\/wp-json\/wp\/v2\/categories?post=348225"},{"taxonomy":"post_tag","embeddable":true,"href":"https:\/\/www.notibras.com\/site\/wp-json\/wp\/v2\/tags?post=348225"}],"curies":[{"name":"wp","href":"https:\/\/api.w.org\/{rel}","templated":true}]}}