{"id":348228,"date":"2025-02-18T02:40:32","date_gmt":"2025-02-18T05:40:32","guid":{"rendered":"https:\/\/www.notibras.com\/site\/?p=348228"},"modified":"2025-02-18T07:44:54","modified_gmt":"2025-02-18T10:44:54","slug":"limpeza-da-caixa-de-gordura-vira-gota-dagua-em-ceilandia","status":"publish","type":"post","link":"https:\/\/www.notibras.com\/site\/limpeza-da-caixa-de-gordura-vira-gota-dagua-em-ceilandia\/","title":{"rendered":"Limpeza da caixa de gordura vira gota d&#8217;\u00e1gua em Ceil\u00e2ndia"},"content":{"rendered":"<p>Sou o ca\u00e7ula l\u00e1 em casa, apesar de j\u00e1 n\u00e3o ser t\u00e3o pequeno assim. Estou com quase doze anos ou, como um tio carioca &#8216;fala&#8217;, &#8220;douze&#8221;. Acho engra\u00e7ado, pois ele nem percebe que fala assim, tamanha a naturalidade. Por falar nesse meu tio, ele tamb\u00e9m n\u00e3o sabe ou n\u00e3o quer pronunciar mesmo, mas &#8220;mermo&#8221;. Prefiro nem corrigir o gajo, ainda mais porque ele \u00e9 metido a escritor.<\/p>\n<p>Gente, por que estou falando do meu tio? A ideia inicial n\u00e3o era essa. \u00c9 que quero contar uma coisa que aconteceu h\u00e1 poucos dias, e que levei tr\u00eas dias para me livrar do fedor.<\/p>\n<p>Sabe caixa de gordura? Pois \u00e9, de vez em quando, meu pai limpa a daqui de casa, em Ceil\u00e2ndia. Que nojo! Ent\u00e3o, sempre que percebo que ele est\u00e1 separando os apetrechos para limp\u00e1-la, trato de me esconder. Mas eis que, na semana passada, o meu velho me pegou distra\u00eddo.<\/p>\n<p>\u2014 Gabriel, vem c\u00e1 me dar uma m\u00e3o.<\/p>\n<p>\u2014 Ah, pai, t\u00f4 ocupado.<\/p>\n<p>\u2014 Ocupado? Tu t\u00e1 a\u00ed de bobeira no sof\u00e1, que eu sei.<\/p>\n<p>Sem ter desculpas para inventar, tive que encarar a tarefa de ajudar papai. Mas que ele n\u00e3o viesse com a ideia de querer me fazer meter a m\u00e3o naquela gordura com cheiro repugnante. Eca!<\/p>\n<p>\u2014 O que foi, pai?<\/p>\n<p>\u2014 Traga a mangueira at\u00e9 aqui.<\/p>\n<p>Fiz o que meu pai mandou e quis entreg\u00e1-la. Meu velho me olhou com uma cara de nenhum amigo.<\/p>\n<p>\u2014 Gabriel, n\u00e3o t\u00e1 vendo que t\u00f4 com as m\u00e3os ocupadas?<\/p>\n<p>\u2014 Hum&#8230;<\/p>\n<p>\u2014 Hum o qu\u00ea?<\/p>\n<p>\u2014 Nada.<\/p>\n<p>\u2014 Ligue a mangueira e jogue \u00e1gua dentro da caixa de gordura.<\/p>\n<p>Meu pai, que j\u00e1 havia transferido quase toda aquela gosma da caixa de gordura para um balde ao lado, ficou observando a minha lerdeza. Finalmente, liguei a torneira. N\u00e3o tardou, a \u00e1gua come\u00e7ou a sair forte que nem ducha.<\/p>\n<p>\u2014 Gabriel, aponte a mangueira pra caixa de gordura!<\/p>\n<p>\u2014 T\u00f4 tentando, pai!<\/p>\n<p>\u2014 Gabriel, voc\u00ea t\u00e1 me molhando todo!<\/p>\n<p>Era verdade. Meu pai parecia ter sa\u00eddo de um temporal, pois eu, com o est\u00f4mago embrulhado por conta daquele cheiro horr\u00edvel vindo principalmente do balde ao lado, n\u00e3o conseguia direcionar a mangueira de modo certeiro.<\/p>\n<p>\u2014 Num vai vomitar em mim, n\u00e3o!<\/p>\n<p>Nunca papai foi t\u00e3o prof\u00e9tico. O v\u00f4mito saiu como cachoeira sobre os negros cabelos do meu pai. Era poss\u00edvel ver nitidamente dois ou tr\u00eas gr\u00e3os de milho no cocuruto do meu coroa. Furioso que ficou, papai perdeu qualquer no\u00e7\u00e3o de racionalidade. Sabe o que ele fez? Pois acredite, ele fez mesmo! Despejou todo o conte\u00fado do balde sobre os meus lindos cabelos. Pode uma coisa dessa?<\/p>\n<p>Mam\u00e3e, quando viu, quis brigar com meu pai. No entanto, n\u00e3o sei o que deu nela, pois desandou a gargalhar diante do estado de calamidade que ficaram minhas lindas madeixas. Pior foi a minha irm\u00e3 quando soube. N\u00e3o perdeu a oportunidade de me apelidar de Gabriel Gordurinha. Ainda bem que o apelido n\u00e3o pegou, se bem que, vez ou outra, meu tio, aquele mesmo que s\u00f3 fala \u201cdouze\u201d e \u201cmermo\u201d, me chama assim.<\/p>\n<p>Tive que gastar dois frascos inteiros de xampu e quatro sabonetes para me limpar. Pode parecer engra\u00e7ado para voc\u00ea, mas juro que, ainda hoje, cada vez mais pr\u00f3ximo ao meu anivers\u00e1rio, ainda sinto aquele fedor. N\u00e3o tenho m\u00e1goa do papai por conta do que fez, mas creio que ele pegou pesado demais comigo naquele dia.<\/p>\n<p>&#8230;&#8230;&#8230;&#8230;&#8230;&#8230;&#8230;&#8230;&#8230;&#8230;&#8230;&#8230;&#8230;&#8230;&#8230;..<\/p>\n<p><strong>Eduardo Mart\u00ednez \u00e9 autor do livro 57 Contos e Cr\u00f4nicas por um Autor Muito Velho\u2019<\/strong><\/p>\n<p>Compre aqui\u00a0<span class=\"x19la9d6 x1fc57z9 x6ikm8r x10wlt62 x19co3pv x1g5zs5t xfibh0p xiy17q3 x1xsqp64 x1lkfr7t xexx8yu x4uap5 x18d9i69 xkhd6sd\"><span class=\"xrtxmta x1bhl96m\"><img decoding=\"async\" class=\"emoji\" role=\"img\" draggable=\"false\" src=\"https:\/\/s.w.org\/images\/core\/emoji\/15.0.3\/svg\/1f447-1f3ff.svg\" alt=\"&#x1f447;&#x1f3ff;\" \/><\/span><\/span><\/p>\n<p><a href=\"https:\/\/www.joanineditora.com.br\/57-contos-e-cronicas-por-um-autor-muito-velho\">https:\/\/www.joanineditora.com.br\/57-contos-e-cronicas-por-um-autor-muito-velho<\/a><\/p>\n<p>&nbsp;<\/p>\n","protected":false},"excerpt":{"rendered":"<p>Sou o ca\u00e7ula l\u00e1 em casa, apesar de j\u00e1 n\u00e3o ser t\u00e3o pequeno assim. Estou com quase doze anos ou, como um tio carioca &#8216;fala&#8217;, &#8220;douze&#8221;. Acho engra\u00e7ado, pois ele nem percebe que fala assim, tamanha a naturalidade. Por falar nesse meu tio, ele tamb\u00e9m n\u00e3o sabe ou n\u00e3o quer pronunciar mesmo, mas &#8220;mermo&#8221;. Prefiro [&hellip;]<\/p>\n","protected":false},"author":2,"featured_media":348229,"comment_status":"closed","ping_status":"closed","sticky":false,"template":"","format":"standard","meta":{"_acf_changed":false,"footnotes":""},"categories":[161],"tags":[],"class_list":["post-348228","post","type-post","status-publish","format-standard","has-post-thumbnail","hentry","category-quadradinho-em-foco"],"acf":[],"_links":{"self":[{"href":"https:\/\/www.notibras.com\/site\/wp-json\/wp\/v2\/posts\/348228","targetHints":{"allow":["GET"]}}],"collection":[{"href":"https:\/\/www.notibras.com\/site\/wp-json\/wp\/v2\/posts"}],"about":[{"href":"https:\/\/www.notibras.com\/site\/wp-json\/wp\/v2\/types\/post"}],"author":[{"embeddable":true,"href":"https:\/\/www.notibras.com\/site\/wp-json\/wp\/v2\/users\/2"}],"replies":[{"embeddable":true,"href":"https:\/\/www.notibras.com\/site\/wp-json\/wp\/v2\/comments?post=348228"}],"version-history":[{"count":5,"href":"https:\/\/www.notibras.com\/site\/wp-json\/wp\/v2\/posts\/348228\/revisions"}],"predecessor-version":[{"id":348240,"href":"https:\/\/www.notibras.com\/site\/wp-json\/wp\/v2\/posts\/348228\/revisions\/348240"}],"wp:featuredmedia":[{"embeddable":true,"href":"https:\/\/www.notibras.com\/site\/wp-json\/wp\/v2\/media\/348229"}],"wp:attachment":[{"href":"https:\/\/www.notibras.com\/site\/wp-json\/wp\/v2\/media?parent=348228"}],"wp:term":[{"taxonomy":"category","embeddable":true,"href":"https:\/\/www.notibras.com\/site\/wp-json\/wp\/v2\/categories?post=348228"},{"taxonomy":"post_tag","embeddable":true,"href":"https:\/\/www.notibras.com\/site\/wp-json\/wp\/v2\/tags?post=348228"}],"curies":[{"name":"wp","href":"https:\/\/api.w.org\/{rel}","templated":true}]}}