{"id":348277,"date":"2025-02-18T07:32:43","date_gmt":"2025-02-18T10:32:43","guid":{"rendered":"https:\/\/www.notibras.com\/site\/?p=348277"},"modified":"2025-02-18T09:35:15","modified_gmt":"2025-02-18T12:35:15","slug":"saude-recomenda-calcio-para-gestante-prevenir-eclampsia","status":"publish","type":"post","link":"https:\/\/www.notibras.com\/site\/saude-recomenda-calcio-para-gestante-prevenir-eclampsia\/","title":{"rendered":"Sa\u00fade recomenda c\u00e1lcio para gestante prevenir eclampsia"},"content":{"rendered":"<p>O Minist\u00e9rio da Sa\u00fade recomenda que todas as gestantes do pa\u00eds fa\u00e7am suplementa\u00e7\u00e3o de c\u00e1lcio para prevenir a pr\u00e9-ecl\u00e2mpsia e a ecl\u00e2mpsia, problemas causados pela hipertens\u00e3o que s\u00e3o a maior causa de nascimentos prematuros e de morte materna e fetal. A nova estrat\u00e9gia ser\u00e1 adotada no pr\u00e9-natal do Sistema \u00danico de Sa\u00fade (SUS).<\/p>\n<p>O novo protocolo busca reduzir a morbimortalidade materna e infantil, especialmente entre a popula\u00e7\u00e3o negra e ind\u00edgena. Em 2023, quase 70% das mortes causadas por hipertens\u00e3o foram entre mulheres pretas e pardas. O c\u00e1lcio ajuda a regular o metabolismo, mantendo a press\u00e3o arterial em n\u00edveis normais.<\/p>\n<p>As gestantes devem tomar dois comprimidos de carbonato de c\u00e1lcio 1.250 mg por dia a partir da 12\u00aa semana de gesta\u00e7\u00e3o at\u00e9 o parto. Essa dose garante a ingest\u00e3o de 1.000 mg de c\u00e1lcio elementar por dia, o que \u00e9 a quantidade m\u00ednima necess\u00e1ria para reduzir o risco de complica\u00e7\u00f5es.<\/p>\n<p><strong>Gestantes<\/strong><br \/>\nO medicamento j\u00e1 faz parte da farm\u00e1cia b\u00e1sica do Sistema \u00danico de Sa\u00fade (SUS) e \u00e9 oferecido pelas unidades de sa\u00fade, mas caber\u00e1 aos munic\u00edpios, ao Distrito Federal e aos estados adquirir os comprimidos na quantidade necess\u00e1ria para atender a todas as gestantes.<\/p>\n<p>Desde 2011, a Organiza\u00e7\u00e3o Mundial da Sa\u00fade recomenda a suplementa\u00e7\u00e3o de c\u00e1lcio para gestantes com baixo consumo do micronutriente e mulheres com alto risco para pr\u00e9-ecl\u00e2mpsia. A orienta\u00e7\u00e3o j\u00e1 era seguida pelo Minist\u00e9rio da Sa\u00fade, mas a prescri\u00e7\u00e3o era feita apenas para gestantes com risco detectado.<\/p>\n<p>De acordo com a nota t\u00e9cnica do minist\u00e9rio, a mudan\u00e7a para a prescri\u00e7\u00e3o universal se baseia em pesquisas oficiais que mostram que tanto as adolescentes quanto as mulheres adultas no Brasil consomem menos da metade da quantidade recomendada de c\u00e1lcio por dia.<\/p>\n<p>As gestantes tamb\u00e9m devem manter a suplementa\u00e7\u00e3o de \u00e1cido f\u00f3lico e ferro, que \u00e9 prescrita de forma universal desde 2005. Por isso, precisam ficar atentas aos hor\u00e1rios de ingest\u00e3o, j\u00e1 que o c\u00e1lcio e o ferro devem ser tomados em ocasi\u00f5es diferentes, para n\u00e3o prejudicar sua absor\u00e7\u00e3o.<\/p>\n<p><strong>Lexa<\/strong><br \/>\nAs complica\u00e7\u00f5es causadas pela hipertens\u00e3o na gravidez ganharam notoriedade recentemente ap\u00f3s o epis\u00f3dio o com a cantora Lexa. Sua filha rec\u00e9m-nascida, Sofia, morreu tr\u00eas dias ap\u00f3s o parto prematuro, causado por pr\u00e9-ecl\u00e2mpsia com s\u00edndrome de Hellp.<\/p>\n<p>Algumas situa\u00e7\u00f5es aumentam o risco de desenvolver a condi\u00e7\u00e3o: primeira gesta\u00e7\u00e3o; gravidez antes dos 18 e depois dos 40 anos; press\u00e3o alta cr\u00f4nica; diabetes; l\u00fapus; obesidade; gesta\u00e7\u00e3o de g\u00eameos e hist\u00f3rico familiar.<\/p>\n<p>Nesses casos &#8211; ou quando a altera\u00e7\u00e3o na press\u00e3o \u00e9 detectada no in\u00edcio da gesta\u00e7\u00e3o -, a gestante precisa de acompanhamento especial e pode receber a prescri\u00e7\u00e3o para tomar o medicamento AAS [\u00e1cido acetilsalic\u00edlico] em conjunto com o c\u00e1lcio.<\/p>\n","protected":false},"excerpt":{"rendered":"<p>O Minist\u00e9rio da Sa\u00fade recomenda que todas as gestantes do pa\u00eds fa\u00e7am suplementa\u00e7\u00e3o de c\u00e1lcio para prevenir a pr\u00e9-ecl\u00e2mpsia e a ecl\u00e2mpsia, problemas causados pela hipertens\u00e3o que s\u00e3o a maior causa de nascimentos prematuros e de morte materna e fetal. A nova estrat\u00e9gia ser\u00e1 adotada no pr\u00e9-natal do Sistema \u00danico de Sa\u00fade (SUS). O novo [&hellip;]<\/p>\n","protected":false},"author":2,"featured_media":348278,"comment_status":"closed","ping_status":"closed","sticky":false,"template":"","format":"standard","meta":{"_acf_changed":false,"footnotes":""},"categories":[165],"tags":[],"class_list":["post-348277","post","type-post","status-publish","format-standard","has-post-thumbnail","hentry","category-nordeste"],"acf":[],"_links":{"self":[{"href":"https:\/\/www.notibras.com\/site\/wp-json\/wp\/v2\/posts\/348277","targetHints":{"allow":["GET"]}}],"collection":[{"href":"https:\/\/www.notibras.com\/site\/wp-json\/wp\/v2\/posts"}],"about":[{"href":"https:\/\/www.notibras.com\/site\/wp-json\/wp\/v2\/types\/post"}],"author":[{"embeddable":true,"href":"https:\/\/www.notibras.com\/site\/wp-json\/wp\/v2\/users\/2"}],"replies":[{"embeddable":true,"href":"https:\/\/www.notibras.com\/site\/wp-json\/wp\/v2\/comments?post=348277"}],"version-history":[{"count":1,"href":"https:\/\/www.notibras.com\/site\/wp-json\/wp\/v2\/posts\/348277\/revisions"}],"predecessor-version":[{"id":348279,"href":"https:\/\/www.notibras.com\/site\/wp-json\/wp\/v2\/posts\/348277\/revisions\/348279"}],"wp:featuredmedia":[{"embeddable":true,"href":"https:\/\/www.notibras.com\/site\/wp-json\/wp\/v2\/media\/348278"}],"wp:attachment":[{"href":"https:\/\/www.notibras.com\/site\/wp-json\/wp\/v2\/media?parent=348277"}],"wp:term":[{"taxonomy":"category","embeddable":true,"href":"https:\/\/www.notibras.com\/site\/wp-json\/wp\/v2\/categories?post=348277"},{"taxonomy":"post_tag","embeddable":true,"href":"https:\/\/www.notibras.com\/site\/wp-json\/wp\/v2\/tags?post=348277"}],"curies":[{"name":"wp","href":"https:\/\/api.w.org\/{rel}","templated":true}]}}