{"id":34828,"date":"2015-01-23T20:07:00","date_gmt":"2015-01-23T23:07:00","guid":{"rendered":"http:\/\/www.notibras.com\/site\/?p=34828"},"modified":"2015-01-24T09:07:15","modified_gmt":"2015-01-24T12:07:15","slug":"ou-economiza-ou-falta-adverte-meio-ambiente-sobre-agua-no-brasil","status":"publish","type":"post","link":"https:\/\/www.notibras.com\/site\/ou-economiza-ou-falta-adverte-meio-ambiente-sobre-agua-no-brasil\/","title":{"rendered":"Ou economiza, ou falta, diz Meio Ambiente sobre a \u00e1gua"},"content":{"rendered":"<p>A ministra do Meio Ambiente, Izabella Teixeira, considera \u201csens\u00edvel\u201d e \u201cpreocupante\u201d o cen\u00e1rio de abastecimento de \u00e1gua no pa\u00eds. Apesar da perspectiva de chuva para os pr\u00f3ximos dez dias na regi\u00e3o, o diagn\u00f3stico \u00e9 de que nunca se viu nos estados de S\u00e3o Paulo, Rio de Janeiro e Minas Gerais (regi\u00e3o metropolitana de Belo Horizonte) uma seca t\u00e3o grande nos \u00faltimos 84 anos, disse ela depois de reuni\u00e3o no Pal\u00e1cio do Planalto, com outros ministros, para discutir a situa\u00e7\u00e3o dos reservat\u00f3rios de \u00e1gua e as previs\u00f5es de chuva.<\/p>\n<p>Como resposta \u00e0 situa\u00e7\u00e3o, o governo prometeu fazer mais parcerias com os estados e criar uma campanha de conscientiza\u00e7\u00e3o para que a popula\u00e7\u00e3o passe a poupar \u00e1gua. Izabella Teixeira defendeu o acompanhamento da crise at\u00e9 o fim do per\u00edodo de chuvas, mas adiantou que o Minist\u00e9rio do Meio Ambiente vai criar uma a\u00e7\u00e3o mais \u201cincisiva\u201d, pedindo a colabora\u00e7\u00e3o das pessoas.<\/p>\n<p>Ela disse que a reuni\u00e3o \u00e9 feita semanalmente pelos t\u00e9cnicos do governo, e hoje foi ampliada, com a participa\u00e7\u00e3o de representantes de sete minist\u00e9rios, para nivelar a informa\u00e7\u00e3o do que \u201cest\u00e1 acontecendo\u201d. Al\u00e9m de sua pasta, estiveram presentes os titulares da Casa Civil (Aloizio Mercadante), de Minas e Energia (Eduardo Braga), da Integra\u00e7\u00e3o Nacional (Gilberto Occhi), do Desenvolvimento Agr\u00e1rio (Patrus Ananias) e do Desenvolvimento Social e Combate \u00e0 Fome (Tereza Campello).<\/p>\n<blockquote><p>\u201cAno passado est\u00e1vamos operando abaixo da m\u00ednima hist\u00f3rica. Agora n\u00f3s estamos operando abaixo do ano passado. Est\u00e1 tendo uma vaz\u00e3o afluente muito aqu\u00e9m do que j\u00e1 foi registrado numa s\u00e9rie hist\u00f3rica desde 1930\u201d, informou Izabella Teixeira. De acordo com ela, al\u00e9m dos minist\u00e9rios participaram representantes do Centro Nacional de Monitoramento e Alertas de Desastres Naturais, de \u00f3rg\u00e3os meteorol\u00f3gicos e da Ag\u00eancia Nacional de \u00c1guas.<\/p><\/blockquote>\n<p>Das an\u00e1lises, foi poss\u00edvel prever um cen\u00e1rio de chuvas nos pr\u00f3ximos dias. Existe, segundo ela, \u201cuma sinaliza\u00e7\u00e3o de perspectiva de chuvas&#8221;, mas, obviamente, tem que ver se isso vai acontecer de fato, qual o volume de \u00e1gua armazenado, e se isso pode melhorar ou n\u00e3o os n\u00edveis de abastecimento.<\/p>\n<p>Esse monitoramento dos dados vai continuar, disse ela. O governo tamb\u00e9m vai apoiar estados e munic\u00edpios, e acompanhar as demandas deles, j\u00e1 que o abastecimento da popula\u00e7\u00e3o n\u00e3o \u00e9 compet\u00eancia do governo federal. Segundo Izabella, as parcerias dependem do que os estados v\u00e3o apresentar como medidas emergenciais e de car\u00e1ter estruturantes.<\/p>\n<blockquote><p>\u201cEstamos apoiando o financiamento. Pode ter medidas emergenciais, por exemplo, como mudan\u00e7a de pontos de capta\u00e7\u00e3o [de \u00e1gua] em rios para poder assegurar o abastecimento em munic\u00edpios que captam diretamente, e isso requer financiamento de curto prazo muitas vezes. O governo poder\u00e1 apoiar neste sentido\u201d, acrescentou.<\/p><\/blockquote>\n<p>Al\u00e9m de dizer que o governo n\u00e3o vai medir esfor\u00e7os para auxiliar os projetos a serem apresentados pelos governadores e prefeitos, Izabella ressalvou que uma campanha sobre o uso correto da \u00e1gua est\u00e1 em discuss\u00e3o na Secretaria de Comunica\u00e7\u00e3o Social da Presid\u00eancia da Rep\u00fablica.<\/p>\n<p>\u201cViremos, sim, com informa\u00e7\u00e3o, pedindo apoio da popula\u00e7\u00e3o. O Minist\u00e9rio do Meio Ambiente entrar\u00e1 com a proposta de trabalhar cada vez mais de racionaliza\u00e7\u00e3o do uso da \u00e1gua e Informa\u00e7\u00f5es ao cidad\u00e3o brasileiro\u201d, concluiu.<\/p>\n","protected":false},"excerpt":{"rendered":"<p>A ministra do Meio Ambiente, Izabella Teixeira, considera \u201csens\u00edvel\u201d e \u201cpreocupante\u201d o cen\u00e1rio de abastecimento de \u00e1gua no pa\u00eds. Apesar da perspectiva de chuva para os pr\u00f3ximos dez dias na regi\u00e3o, o diagn\u00f3stico \u00e9 de que nunca se viu nos estados de S\u00e3o Paulo, Rio de Janeiro e Minas Gerais (regi\u00e3o metropolitana de Belo Horizonte) [&hellip;]<\/p>\n","protected":false},"author":2,"featured_media":34829,"comment_status":"open","ping_status":"closed","sticky":false,"template":"","format":"standard","meta":{"_acf_changed":false,"footnotes":""},"categories":[16],"tags":[],"class_list":["post-34828","post","type-post","status-publish","format-standard","has-post-thumbnail","hentry","category-brasil"],"acf":[],"yoast_head":"<!-- This site is optimized with the Yoast SEO plugin v27.2 - https:\/\/yoast.com\/product\/yoast-seo-wordpress\/ -->\n<title>Ou economiza, ou falta, diz Meio Ambiente sobre a \u00e1gua - Notibras<\/title>\n<meta name=\"robots\" content=\"index, follow, max-snippet:-1, max-image-preview:large, max-video-preview:-1\" \/>\n<link rel=\"canonical\" href=\"https:\/\/www.notibras.com\/site\/ou-economiza-ou-falta-adverte-meio-ambiente-sobre-agua-no-brasil\/\" \/>\n<meta property=\"og:locale\" content=\"pt_BR\" \/>\n<meta property=\"og:type\" content=\"article\" \/>\n<meta property=\"og:title\" content=\"Ou economiza, ou falta, diz Meio Ambiente sobre a \u00e1gua - Notibras\" \/>\n<meta property=\"og:description\" content=\"A ministra do Meio Ambiente, Izabella Teixeira, considera \u201csens\u00edvel\u201d e \u201cpreocupante\u201d o cen\u00e1rio de abastecimento de \u00e1gua no pa\u00eds. Apesar da perspectiva de chuva para os pr\u00f3ximos dez dias na regi\u00e3o, o diagn\u00f3stico \u00e9 de que nunca se viu nos estados de S\u00e3o Paulo, Rio de Janeiro e Minas Gerais (regi\u00e3o metropolitana de Belo Horizonte) [&hellip;]\" \/>\n<meta property=\"og:url\" content=\"https:\/\/www.notibras.com\/site\/ou-economiza-ou-falta-adverte-meio-ambiente-sobre-agua-no-brasil\/\" \/>\n<meta property=\"og:site_name\" content=\"Notibras\" \/>\n<meta property=\"article:publisher\" content=\"https:\/\/www.facebook.com\/notibras\/\" \/>\n<meta property=\"article:published_time\" content=\"2015-01-23T23:07:00+00:00\" \/>\n<meta property=\"article:modified_time\" content=\"2015-01-24T12:07:15+00:00\" \/>\n<meta property=\"og:image\" content=\"https:\/\/www.notibras.com\/site\/wp-content\/uploads\/2015\/01\/944714-_wdo5756.jpg\" \/>\n\t<meta property=\"og:image:width\" content=\"1020\" \/>\n\t<meta property=\"og:image:height\" content=\"720\" \/>\n\t<meta property=\"og:image:type\" content=\"image\/jpeg\" \/>\n<meta name=\"author\" content=\"Reda\u00e7\u00e3o\" \/>\n<meta name=\"twitter:card\" content=\"summary_large_image\" \/>\n<meta name=\"twitter:creator\" content=\"@Notibras\" \/>\n<meta name=\"twitter:site\" content=\"@Notibras\" \/>\n<meta name=\"twitter:label1\" content=\"Escrito por\" \/>\n\t<meta name=\"twitter:data1\" content=\"Reda\u00e7\u00e3o\" \/>\n\t<meta name=\"twitter:label2\" content=\"Est. tempo de leitura\" \/>\n\t<meta name=\"twitter:data2\" content=\"3 minutos\" \/>\n<script type=\"application\/ld+json\" class=\"yoast-schema-graph\">{\"@context\":\"https:\/\/schema.org\",\"@graph\":[{\"@type\":\"Article\",\"@id\":\"https:\/\/www.notibras.com\/site\/ou-economiza-ou-falta-adverte-meio-ambiente-sobre-agua-no-brasil\/#article\",\"isPartOf\":{\"@id\":\"https:\/\/www.notibras.com\/site\/ou-economiza-ou-falta-adverte-meio-ambiente-sobre-agua-no-brasil\/\"},\"author\":{\"name\":\"Reda\u00e7\u00e3o\",\"@id\":\"https:\/\/www.notibras.com\/site\/#\/schema\/person\/36ab0979449956132d3e5b517ea76ac8\"},\"headline\":\"Ou economiza, ou falta, diz Meio Ambiente sobre a \u00e1gua\",\"datePublished\":\"2015-01-23T23:07:00+00:00\",\"dateModified\":\"2015-01-24T12:07:15+00:00\",\"mainEntityOfPage\":{\"@id\":\"https:\/\/www.notibras.com\/site\/ou-economiza-ou-falta-adverte-meio-ambiente-sobre-agua-no-brasil\/\"},\"wordCount\":582,\"commentCount\":0,\"publisher\":{\"@id\":\"https:\/\/www.notibras.com\/site\/#organization\"},\"image\":{\"@id\":\"https:\/\/www.notibras.com\/site\/ou-economiza-ou-falta-adverte-meio-ambiente-sobre-agua-no-brasil\/#primaryimage\"},\"thumbnailUrl\":\"https:\/\/www.notibras.com\/site\/wp-content\/uploads\/2015\/01\/944714-_wdo5756.jpg\",\"articleSection\":[\"Brasil\"],\"inLanguage\":\"pt-BR\",\"potentialAction\":[{\"@type\":\"CommentAction\",\"name\":\"Comment\",\"target\":[\"https:\/\/www.notibras.com\/site\/ou-economiza-ou-falta-adverte-meio-ambiente-sobre-agua-no-brasil\/#respond\"]}]},{\"@type\":\"WebPage\",\"@id\":\"https:\/\/www.notibras.com\/site\/ou-economiza-ou-falta-adverte-meio-ambiente-sobre-agua-no-brasil\/\",\"url\":\"https:\/\/www.notibras.com\/site\/ou-economiza-ou-falta-adverte-meio-ambiente-sobre-agua-no-brasil\/\",\"name\":\"Ou economiza, ou falta, diz Meio Ambiente sobre a \u00e1gua - Notibras\",\"isPartOf\":{\"@id\":\"https:\/\/www.notibras.com\/site\/#website\"},\"primaryImageOfPage\":{\"@id\":\"https:\/\/www.notibras.com\/site\/ou-economiza-ou-falta-adverte-meio-ambiente-sobre-agua-no-brasil\/#primaryimage\"},\"image\":{\"@id\":\"https:\/\/www.notibras.com\/site\/ou-economiza-ou-falta-adverte-meio-ambiente-sobre-agua-no-brasil\/#primaryimage\"},\"thumbnailUrl\":\"https:\/\/www.notibras.com\/site\/wp-content\/uploads\/2015\/01\/944714-_wdo5756.jpg\",\"datePublished\":\"2015-01-23T23:07:00+00:00\",\"dateModified\":\"2015-01-24T12:07:15+00:00\",\"breadcrumb\":{\"@id\":\"https:\/\/www.notibras.com\/site\/ou-economiza-ou-falta-adverte-meio-ambiente-sobre-agua-no-brasil\/#breadcrumb\"},\"inLanguage\":\"pt-BR\",\"potentialAction\":[{\"@type\":\"ReadAction\",\"target\":[\"https:\/\/www.notibras.com\/site\/ou-economiza-ou-falta-adverte-meio-ambiente-sobre-agua-no-brasil\/\"]}]},{\"@type\":\"ImageObject\",\"inLanguage\":\"pt-BR\",\"@id\":\"https:\/\/www.notibras.com\/site\/ou-economiza-ou-falta-adverte-meio-ambiente-sobre-agua-no-brasil\/#primaryimage\",\"url\":\"https:\/\/www.notibras.com\/site\/wp-content\/uploads\/2015\/01\/944714-_wdo5756.jpg\",\"contentUrl\":\"https:\/\/www.notibras.com\/site\/wp-content\/uploads\/2015\/01\/944714-_wdo5756.jpg\",\"width\":1020,\"height\":720},{\"@type\":\"BreadcrumbList\",\"@id\":\"https:\/\/www.notibras.com\/site\/ou-economiza-ou-falta-adverte-meio-ambiente-sobre-agua-no-brasil\/#breadcrumb\",\"itemListElement\":[{\"@type\":\"ListItem\",\"position\":1,\"name\":\"In\u00edcio\",\"item\":\"https:\/\/www.notibras.com\/site\/\"},{\"@type\":\"ListItem\",\"position\":2,\"name\":\"Ou economiza, ou falta, diz Meio Ambiente sobre a \u00e1gua\"}]},{\"@type\":\"WebSite\",\"@id\":\"https:\/\/www.notibras.com\/site\/#website\",\"url\":\"https:\/\/www.notibras.com\/site\/\",\"name\":\"Notibras\",\"description\":\"Not\u00edcias de Bras\u00edlia, do Brasil e do Mundo\",\"publisher\":{\"@id\":\"https:\/\/www.notibras.com\/site\/#organization\"},\"potentialAction\":[{\"@type\":\"SearchAction\",\"target\":{\"@type\":\"EntryPoint\",\"urlTemplate\":\"https:\/\/www.notibras.com\/site\/?s={search_term_string}\"},\"query-input\":{\"@type\":\"PropertyValueSpecification\",\"valueRequired\":true,\"valueName\":\"search_term_string\"}}],\"inLanguage\":\"pt-BR\"},{\"@type\":\"Organization\",\"@id\":\"https:\/\/www.notibras.com\/site\/#organization\",\"name\":\"Grupo Notibras de Comunica\u00e7\u00e3o\",\"url\":\"https:\/\/www.notibras.com\/site\/\",\"logo\":{\"@type\":\"ImageObject\",\"inLanguage\":\"pt-BR\",\"@id\":\"https:\/\/www.notibras.com\/site\/#\/schema\/logo\/image\/\",\"url\":\"https:\/\/www.notibras.com\/site\/wp-content\/uploads\/2023\/01\/notibras23.png\",\"contentUrl\":\"https:\/\/www.notibras.com\/site\/wp-content\/uploads\/2023\/01\/notibras23.png\",\"width\":350,\"height\":87,\"caption\":\"Grupo Notibras de Comunica\u00e7\u00e3o\"},\"image\":{\"@id\":\"https:\/\/www.notibras.com\/site\/#\/schema\/logo\/image\/\"},\"sameAs\":[\"https:\/\/www.facebook.com\/notibras\/\",\"https:\/\/x.com\/Notibras\",\"https:\/\/www.instagram.com\/notibras\/\"]},{\"@type\":\"Person\",\"@id\":\"https:\/\/www.notibras.com\/site\/#\/schema\/person\/36ab0979449956132d3e5b517ea76ac8\",\"name\":\"Reda\u00e7\u00e3o\",\"image\":{\"@type\":\"ImageObject\",\"inLanguage\":\"pt-BR\",\"@id\":\"https:\/\/secure.gravatar.com\/avatar\/e0a867bdedb85fd243eadf09663511f96fc81e0720a4a42581f334ad4303aa6b?s=96&d=mm&r=g\",\"url\":\"https:\/\/secure.gravatar.com\/avatar\/e0a867bdedb85fd243eadf09663511f96fc81e0720a4a42581f334ad4303aa6b?s=96&d=mm&r=g\",\"contentUrl\":\"https:\/\/secure.gravatar.com\/avatar\/e0a867bdedb85fd243eadf09663511f96fc81e0720a4a42581f334ad4303aa6b?s=96&d=mm&r=g\",\"caption\":\"Reda\u00e7\u00e3o\"}}]}<\/script>\n<!-- \/ Yoast SEO plugin. -->","yoast_head_json":{"title":"Ou economiza, ou falta, diz Meio Ambiente sobre a \u00e1gua - Notibras","robots":{"index":"index","follow":"follow","max-snippet":"max-snippet:-1","max-image-preview":"max-image-preview:large","max-video-preview":"max-video-preview:-1"},"canonical":"https:\/\/www.notibras.com\/site\/ou-economiza-ou-falta-adverte-meio-ambiente-sobre-agua-no-brasil\/","og_locale":"pt_BR","og_type":"article","og_title":"Ou economiza, ou falta, diz Meio Ambiente sobre a \u00e1gua - Notibras","og_description":"A ministra do Meio Ambiente, Izabella Teixeira, considera \u201csens\u00edvel\u201d e \u201cpreocupante\u201d o cen\u00e1rio de abastecimento de \u00e1gua no pa\u00eds. Apesar da perspectiva de chuva para os pr\u00f3ximos dez dias na regi\u00e3o, o diagn\u00f3stico \u00e9 de que nunca se viu nos estados de S\u00e3o Paulo, Rio de Janeiro e Minas Gerais (regi\u00e3o metropolitana de Belo Horizonte) [&hellip;]","og_url":"https:\/\/www.notibras.com\/site\/ou-economiza-ou-falta-adverte-meio-ambiente-sobre-agua-no-brasil\/","og_site_name":"Notibras","article_publisher":"https:\/\/www.facebook.com\/notibras\/","article_published_time":"2015-01-23T23:07:00+00:00","article_modified_time":"2015-01-24T12:07:15+00:00","og_image":[{"width":1020,"height":720,"url":"https:\/\/www.notibras.com\/site\/wp-content\/uploads\/2015\/01\/944714-_wdo5756.jpg","type":"image\/jpeg"}],"author":"Reda\u00e7\u00e3o","twitter_card":"summary_large_image","twitter_creator":"@Notibras","twitter_site":"@Notibras","twitter_misc":{"Escrito por":"Reda\u00e7\u00e3o","Est. tempo de leitura":"3 minutos"},"schema":{"@context":"https:\/\/schema.org","@graph":[{"@type":"Article","@id":"https:\/\/www.notibras.com\/site\/ou-economiza-ou-falta-adverte-meio-ambiente-sobre-agua-no-brasil\/#article","isPartOf":{"@id":"https:\/\/www.notibras.com\/site\/ou-economiza-ou-falta-adverte-meio-ambiente-sobre-agua-no-brasil\/"},"author":{"name":"Reda\u00e7\u00e3o","@id":"https:\/\/www.notibras.com\/site\/#\/schema\/person\/36ab0979449956132d3e5b517ea76ac8"},"headline":"Ou economiza, ou falta, diz Meio Ambiente sobre a \u00e1gua","datePublished":"2015-01-23T23:07:00+00:00","dateModified":"2015-01-24T12:07:15+00:00","mainEntityOfPage":{"@id":"https:\/\/www.notibras.com\/site\/ou-economiza-ou-falta-adverte-meio-ambiente-sobre-agua-no-brasil\/"},"wordCount":582,"commentCount":0,"publisher":{"@id":"https:\/\/www.notibras.com\/site\/#organization"},"image":{"@id":"https:\/\/www.notibras.com\/site\/ou-economiza-ou-falta-adverte-meio-ambiente-sobre-agua-no-brasil\/#primaryimage"},"thumbnailUrl":"https:\/\/www.notibras.com\/site\/wp-content\/uploads\/2015\/01\/944714-_wdo5756.jpg","articleSection":["Brasil"],"inLanguage":"pt-BR","potentialAction":[{"@type":"CommentAction","name":"Comment","target":["https:\/\/www.notibras.com\/site\/ou-economiza-ou-falta-adverte-meio-ambiente-sobre-agua-no-brasil\/#respond"]}]},{"@type":"WebPage","@id":"https:\/\/www.notibras.com\/site\/ou-economiza-ou-falta-adverte-meio-ambiente-sobre-agua-no-brasil\/","url":"https:\/\/www.notibras.com\/site\/ou-economiza-ou-falta-adverte-meio-ambiente-sobre-agua-no-brasil\/","name":"Ou economiza, ou falta, diz Meio Ambiente sobre a \u00e1gua - Notibras","isPartOf":{"@id":"https:\/\/www.notibras.com\/site\/#website"},"primaryImageOfPage":{"@id":"https:\/\/www.notibras.com\/site\/ou-economiza-ou-falta-adverte-meio-ambiente-sobre-agua-no-brasil\/#primaryimage"},"image":{"@id":"https:\/\/www.notibras.com\/site\/ou-economiza-ou-falta-adverte-meio-ambiente-sobre-agua-no-brasil\/#primaryimage"},"thumbnailUrl":"https:\/\/www.notibras.com\/site\/wp-content\/uploads\/2015\/01\/944714-_wdo5756.jpg","datePublished":"2015-01-23T23:07:00+00:00","dateModified":"2015-01-24T12:07:15+00:00","breadcrumb":{"@id":"https:\/\/www.notibras.com\/site\/ou-economiza-ou-falta-adverte-meio-ambiente-sobre-agua-no-brasil\/#breadcrumb"},"inLanguage":"pt-BR","potentialAction":[{"@type":"ReadAction","target":["https:\/\/www.notibras.com\/site\/ou-economiza-ou-falta-adverte-meio-ambiente-sobre-agua-no-brasil\/"]}]},{"@type":"ImageObject","inLanguage":"pt-BR","@id":"https:\/\/www.notibras.com\/site\/ou-economiza-ou-falta-adverte-meio-ambiente-sobre-agua-no-brasil\/#primaryimage","url":"https:\/\/www.notibras.com\/site\/wp-content\/uploads\/2015\/01\/944714-_wdo5756.jpg","contentUrl":"https:\/\/www.notibras.com\/site\/wp-content\/uploads\/2015\/01\/944714-_wdo5756.jpg","width":1020,"height":720},{"@type":"BreadcrumbList","@id":"https:\/\/www.notibras.com\/site\/ou-economiza-ou-falta-adverte-meio-ambiente-sobre-agua-no-brasil\/#breadcrumb","itemListElement":[{"@type":"ListItem","position":1,"name":"In\u00edcio","item":"https:\/\/www.notibras.com\/site\/"},{"@type":"ListItem","position":2,"name":"Ou economiza, ou falta, diz Meio Ambiente sobre a \u00e1gua"}]},{"@type":"WebSite","@id":"https:\/\/www.notibras.com\/site\/#website","url":"https:\/\/www.notibras.com\/site\/","name":"Notibras","description":"Not\u00edcias de Bras\u00edlia, do Brasil e do Mundo","publisher":{"@id":"https:\/\/www.notibras.com\/site\/#organization"},"potentialAction":[{"@type":"SearchAction","target":{"@type":"EntryPoint","urlTemplate":"https:\/\/www.notibras.com\/site\/?s={search_term_string}"},"query-input":{"@type":"PropertyValueSpecification","valueRequired":true,"valueName":"search_term_string"}}],"inLanguage":"pt-BR"},{"@type":"Organization","@id":"https:\/\/www.notibras.com\/site\/#organization","name":"Grupo Notibras de Comunica\u00e7\u00e3o","url":"https:\/\/www.notibras.com\/site\/","logo":{"@type":"ImageObject","inLanguage":"pt-BR","@id":"https:\/\/www.notibras.com\/site\/#\/schema\/logo\/image\/","url":"https:\/\/www.notibras.com\/site\/wp-content\/uploads\/2023\/01\/notibras23.png","contentUrl":"https:\/\/www.notibras.com\/site\/wp-content\/uploads\/2023\/01\/notibras23.png","width":350,"height":87,"caption":"Grupo Notibras de Comunica\u00e7\u00e3o"},"image":{"@id":"https:\/\/www.notibras.com\/site\/#\/schema\/logo\/image\/"},"sameAs":["https:\/\/www.facebook.com\/notibras\/","https:\/\/x.com\/Notibras","https:\/\/www.instagram.com\/notibras\/"]},{"@type":"Person","@id":"https:\/\/www.notibras.com\/site\/#\/schema\/person\/36ab0979449956132d3e5b517ea76ac8","name":"Reda\u00e7\u00e3o","image":{"@type":"ImageObject","inLanguage":"pt-BR","@id":"https:\/\/secure.gravatar.com\/avatar\/e0a867bdedb85fd243eadf09663511f96fc81e0720a4a42581f334ad4303aa6b?s=96&d=mm&r=g","url":"https:\/\/secure.gravatar.com\/avatar\/e0a867bdedb85fd243eadf09663511f96fc81e0720a4a42581f334ad4303aa6b?s=96&d=mm&r=g","contentUrl":"https:\/\/secure.gravatar.com\/avatar\/e0a867bdedb85fd243eadf09663511f96fc81e0720a4a42581f334ad4303aa6b?s=96&d=mm&r=g","caption":"Reda\u00e7\u00e3o"}}]}},"amp_enabled":true,"_links":{"self":[{"href":"https:\/\/www.notibras.com\/site\/wp-json\/wp\/v2\/posts\/34828","targetHints":{"allow":["GET"]}}],"collection":[{"href":"https:\/\/www.notibras.com\/site\/wp-json\/wp\/v2\/posts"}],"about":[{"href":"https:\/\/www.notibras.com\/site\/wp-json\/wp\/v2\/types\/post"}],"author":[{"embeddable":true,"href":"https:\/\/www.notibras.com\/site\/wp-json\/wp\/v2\/users\/2"}],"replies":[{"embeddable":true,"href":"https:\/\/www.notibras.com\/site\/wp-json\/wp\/v2\/comments?post=34828"}],"version-history":[{"count":0,"href":"https:\/\/www.notibras.com\/site\/wp-json\/wp\/v2\/posts\/34828\/revisions"}],"wp:featuredmedia":[{"embeddable":true,"href":"https:\/\/www.notibras.com\/site\/wp-json\/wp\/v2\/media\/34829"}],"wp:attachment":[{"href":"https:\/\/www.notibras.com\/site\/wp-json\/wp\/v2\/media?parent=34828"}],"wp:term":[{"taxonomy":"category","embeddable":true,"href":"https:\/\/www.notibras.com\/site\/wp-json\/wp\/v2\/categories?post=34828"},{"taxonomy":"post_tag","embeddable":true,"href":"https:\/\/www.notibras.com\/site\/wp-json\/wp\/v2\/tags?post=34828"}],"curies":[{"name":"wp","href":"https:\/\/api.w.org\/{rel}","templated":true}]}}