{"id":348336,"date":"2025-02-19T07:20:51","date_gmt":"2025-02-19T10:20:51","guid":{"rendered":"https:\/\/www.notibras.com\/site\/?p=348336"},"modified":"2025-02-19T07:46:59","modified_gmt":"2025-02-19T10:46:59","slug":"chacina-em-pernambuco-deixa-seis-mortos-de-uma-mesma-familia","status":"publish","type":"post","link":"https:\/\/www.notibras.com\/site\/chacina-em-pernambuco-deixa-seis-mortos-de-uma-mesma-familia\/","title":{"rendered":"Chacina em Pernambuco deixa seis mortos de uma mesma fam\u00edlia"},"content":{"rendered":"<p>Cinco adultos e um adolescente de uma mesma fam\u00edlia estavam dormindo em um quarto quando foram foram acordados para serem assassinados. Cerca de dez homens que invadiram a casa em que as v\u00edtimas moravam, em Abreu e Lima, na Regi\u00e3o Metropolitana do Recife, todos encapuzados e se dizendo policiais, foram acordando um a um para assassin\u00e1-los a tiros de pistolas de variados calibres.<\/p>\n<p>O crime aconteceu no final da noite dessa segunda-feira (17), por volta das 23h dessa segunda-feira (17), no S\u00edtio Pitanga, localizado na comunidade de Ch\u00e3 de Cruz, zona rural de Abreu e Lima. A Pol\u00edcia ainda n\u00e3o conseguiu entender a motiva\u00e7\u00e3o do crime ainda \u00e9 um mist\u00e9rio.<\/p>\n<p>Esta \u00e9 a segunda chacina ocorrida na capital pernambucana desde o in\u00edcio do ano. No dia 11 de janeiro, sete homens foram assassinados a tiros em Nova Descoberta, bairro perif\u00e9rico da Zona Norte do Recife. O caso ainda n\u00e3o foi elucidado, mas a Pol\u00edcia trabalha com a hip\u00f3tese de disputa de fac\u00e7\u00f5es pelo controle do tr\u00e1fico de drogas na regi\u00e3o.<\/p>\n<p>Foi o delegado S\u00e9rgio Ricardo, coordenador da For\u00e7a-Tarefa de Homic\u00eddios do Departamento de Homic\u00eddios e Prote\u00e7\u00e3o \u00e0 Pessoa (DHPP), que informou o n\u00famero de criminosos &#8211; cerca de dez homens armados &#8211; que chegaram ao s\u00edtio em Abreu e Lima em cinco motos, entraram na casa onde estavam as v\u00edtimas e atiraram contra elas no quarto.<\/p>\n<p>Uma mulher que estava na casa relatou que os criminosos se identificaram como policiais e estavam encapuzados. O grupo seguiu para o quarto onde as v\u00edtimas &#8211; todas do sexo masculino &#8211; estavam dormindo.<\/p>\n<p>&#8220;Os jovens foram acordados e rendidos. Cinco foram colocados em colch\u00f5es e foram executados. Ainda \u00e9 muito cedo para termos informa\u00e7\u00f5es concretas sobre a motiva\u00e7\u00e3o (do crime). O que posso dizer \u00e9 que todos eram usu\u00e1rios de drogas e h\u00e1 tr\u00eas linhas de motiva\u00e7\u00e3o&#8221;, afirmou o delegado, em entrevista \u00e0 TV Jornal.<\/p>\n<p>As v\u00edtimas eram dois irm\u00e3os, de 16 e 18 anos, e quatro primos. Elas foram identificadas:<\/p>\n<p>Lucas Jos\u00e9 de Oliveira da Silva, 27 anos;<\/p>\n<p>Mikael Manekison Bernardo da Silva, 18 anos;<\/p>\n<p>Jo\u00e3o Victor Jos\u00e9 de Oliveira Silva, 20 anos;<\/p>\n<p>Cau\u00e3 Bernardo da Silva, 16 anos;<\/p>\n<p>Felipe Jos\u00e9 de Oliveira da Silva, 23 anos;<\/p>\n<p>Henrique Jos\u00e9 Oliveira da Silva, 29 anos.<\/p>\n<p>Os criminosos n\u00e3o atiraram na testemunha.<\/p>\n<p>De acordo com S\u00e9rgio Ricardo, os atiradores usaram armas de calibres variados, incluindo 9mm, .40 e 380.<\/p>\n","protected":false},"excerpt":{"rendered":"<p>Cinco adultos e um adolescente de uma mesma fam\u00edlia estavam dormindo em um quarto quando foram foram acordados para serem assassinados. Cerca de dez homens que invadiram a casa em que as v\u00edtimas moravam, em Abreu e Lima, na Regi\u00e3o Metropolitana do Recife, todos encapuzados e se dizendo policiais, foram acordando um a um para [&hellip;]<\/p>\n","protected":false},"author":2,"featured_media":348337,"comment_status":"closed","ping_status":"closed","sticky":false,"template":"","format":"standard","meta":{"_acf_changed":false,"footnotes":""},"categories":[165],"tags":[],"class_list":["post-348336","post","type-post","status-publish","format-standard","has-post-thumbnail","hentry","category-nordeste"],"acf":[],"_links":{"self":[{"href":"https:\/\/www.notibras.com\/site\/wp-json\/wp\/v2\/posts\/348336","targetHints":{"allow":["GET"]}}],"collection":[{"href":"https:\/\/www.notibras.com\/site\/wp-json\/wp\/v2\/posts"}],"about":[{"href":"https:\/\/www.notibras.com\/site\/wp-json\/wp\/v2\/types\/post"}],"author":[{"embeddable":true,"href":"https:\/\/www.notibras.com\/site\/wp-json\/wp\/v2\/users\/2"}],"replies":[{"embeddable":true,"href":"https:\/\/www.notibras.com\/site\/wp-json\/wp\/v2\/comments?post=348336"}],"version-history":[{"count":1,"href":"https:\/\/www.notibras.com\/site\/wp-json\/wp\/v2\/posts\/348336\/revisions"}],"predecessor-version":[{"id":348338,"href":"https:\/\/www.notibras.com\/site\/wp-json\/wp\/v2\/posts\/348336\/revisions\/348338"}],"wp:featuredmedia":[{"embeddable":true,"href":"https:\/\/www.notibras.com\/site\/wp-json\/wp\/v2\/media\/348337"}],"wp:attachment":[{"href":"https:\/\/www.notibras.com\/site\/wp-json\/wp\/v2\/media?parent=348336"}],"wp:term":[{"taxonomy":"category","embeddable":true,"href":"https:\/\/www.notibras.com\/site\/wp-json\/wp\/v2\/categories?post=348336"},{"taxonomy":"post_tag","embeddable":true,"href":"https:\/\/www.notibras.com\/site\/wp-json\/wp\/v2\/tags?post=348336"}],"curies":[{"name":"wp","href":"https:\/\/api.w.org\/{rel}","templated":true}]}}