{"id":348342,"date":"2025-02-19T00:58:09","date_gmt":"2025-02-19T03:58:09","guid":{"rendered":"https:\/\/www.notibras.com\/site\/?p=348342"},"modified":"2025-02-19T13:36:01","modified_gmt":"2025-02-19T16:36:01","slug":"distritais-decidem-criar-cpi-sobre-poluicao-do-rio-melchior","status":"publish","type":"post","link":"https:\/\/www.notibras.com\/site\/distritais-decidem-criar-cpi-sobre-poluicao-do-rio-melchior\/","title":{"rendered":"Distritais decidem criar CPI sobre polui\u00e7\u00e3o do Rio Melchior"},"content":{"rendered":"<p>Na sess\u00e3o ordin\u00e1ria da C\u00e2mara Legislativa desta ter\u00e7a-feira (18), os deputados distritais anunciaram a abertura de uma Comiss\u00e3o Parlamentar de Inqu\u00e9rito (CPI) para investigar responsabilidades pela polui\u00e7\u00e3o do Rio Melchior, situado entre as regi\u00f5es administrativas de Samambaia, Ceil\u00e2ndia e Sol Nascente\/P\u00f4r do Sol. Apesar de abastecer 1,3 milh\u00e3o de pessoas no DF, o Melchior enquadra-se no n\u00edvel 4 de polui\u00e7\u00e3o, pior classifica\u00e7\u00e3o prevista na legisla\u00e7\u00e3o brasileira.<\/p>\n<p>O encontro do Col\u00e9gio de L\u00edderes que antecedeu o Plen\u00e1rio deu o sinal verde para a comiss\u00e3o, que constava na fila de CPIs protocoladas na Casa \u00e0 espera de instaura\u00e7\u00e3o. Al\u00e9m dessa, aguardam chancela comiss\u00f5es para investigar fraudes na arrecada\u00e7\u00e3o do ICMS, a pr\u00e1tica de crimes de viol\u00eancia e ass\u00e9dio sexual contra mulheres em Bras\u00edlia, bem como a atua\u00e7\u00e3o do Instituto de Gest\u00e3o Estrat\u00e9gica da Sa\u00fade (Iges-DF).<\/p>\n<p>\u201cVenho acompanhando a situa\u00e7\u00e3o do rio Melchior: h\u00e1 uma comunidade sendo prejudicada pela polui\u00e7\u00e3o no rio, ali est\u00e1 uma popula\u00e7\u00e3o muito carente. Hoje conseguimos aprovar a instala\u00e7\u00e3o de uma CPI para fazermos um trabalho de dignidade naquela regi\u00e3o\u201d, explicou a deputada Paula Belmonte (Cidadania), que protocolou o pedido da CPI.<\/p>\n<p>O parlamentar Gabriel Magno (PT) tamb\u00e9m repercutiu o tema. \u201cFoi uma decis\u00e3o acertada do Col\u00e9gio de L\u00edderes a instala\u00e7\u00e3o da CPI do Rio Melchior. Movimentos sociais atuam diariamente na den\u00fancia dos desmandos do Governo do Distrito Federal, que tem contaminado o rio, a regi\u00e3o e principalmente a popula\u00e7\u00e3o. O DF paga um pre\u00e7o muito caro pela m\u00e1 gest\u00e3o do meio ambiente pelo GDF\u201d. Na sequ\u00eancia, o distrital aproveitou para lembrar da comiss\u00e3o da sa\u00fade. \u201cA fila das CPIs precisa andar, est\u00e1 l\u00e1 a CPI do Iges\u201d, emendou.<\/p>\n<p>A Casa debru\u00e7ou-se sobre a situa\u00e7\u00e3o do Rio Melchior uma s\u00e9rie de vezes ao longo dos \u00faltimos anos. Em 2024, uma comiss\u00e3o geral focou em um estudo da Universidade de Bras\u00edlia sobre a polui\u00e7\u00e3o do curso de \u00e1gua. No m\u00eas seguinte, uma audi\u00eancia p\u00fablica em Ceil\u00e2ndia abordou a preserva\u00e7\u00e3o do rio e do Parque Juscelino Kubitschek. J\u00e1 em 2023, o escopo de outra comiss\u00e3o geral recaiu sobre a atua\u00e7\u00e3o de agentes respons\u00e1veis pela preserva\u00e7\u00e3o, incluindo empresas estatais e \u00f3rg\u00e3os governamentais.<\/p>\n<p><strong>CPI <\/strong><br \/>\nComiss\u00f5es Parlamentares de Inqu\u00e9rito s\u00e3o colegiados constitu\u00eddos por deputados para apurar fato de relevante interesse p\u00fablico. Com poder de investiga\u00e7\u00e3o pr\u00f3prio de autoridades judiciais, uma CPI pode realizar dilig\u00eancias, ouvir indiciados, inquirir testemunhas e tomar depoimentos de autoridades, al\u00e9m de requisitar informa\u00e7\u00f5es, documentos e servi\u00e7os da administra\u00e7\u00e3o p\u00fablica.<\/p>\n","protected":false},"excerpt":{"rendered":"<p>Na sess\u00e3o ordin\u00e1ria da C\u00e2mara Legislativa desta ter\u00e7a-feira (18), os deputados distritais anunciaram a abertura de uma Comiss\u00e3o Parlamentar de Inqu\u00e9rito (CPI) para investigar responsabilidades pela polui\u00e7\u00e3o do Rio Melchior, situado entre as regi\u00f5es administrativas de Samambaia, Ceil\u00e2ndia e Sol Nascente\/P\u00f4r do Sol. Apesar de abastecer 1,3 milh\u00e3o de pessoas no DF, o Melchior enquadra-se [&hellip;]<\/p>\n","protected":false},"author":2,"featured_media":348343,"comment_status":"closed","ping_status":"closed","sticky":false,"template":"","format":"standard","meta":{"_acf_changed":false,"footnotes":""},"categories":[161],"tags":[],"class_list":["post-348342","post","type-post","status-publish","format-standard","has-post-thumbnail","hentry","category-quadradinho-em-foco"],"acf":[],"_links":{"self":[{"href":"https:\/\/www.notibras.com\/site\/wp-json\/wp\/v2\/posts\/348342","targetHints":{"allow":["GET"]}}],"collection":[{"href":"https:\/\/www.notibras.com\/site\/wp-json\/wp\/v2\/posts"}],"about":[{"href":"https:\/\/www.notibras.com\/site\/wp-json\/wp\/v2\/types\/post"}],"author":[{"embeddable":true,"href":"https:\/\/www.notibras.com\/site\/wp-json\/wp\/v2\/users\/2"}],"replies":[{"embeddable":true,"href":"https:\/\/www.notibras.com\/site\/wp-json\/wp\/v2\/comments?post=348342"}],"version-history":[{"count":2,"href":"https:\/\/www.notibras.com\/site\/wp-json\/wp\/v2\/posts\/348342\/revisions"}],"predecessor-version":[{"id":348380,"href":"https:\/\/www.notibras.com\/site\/wp-json\/wp\/v2\/posts\/348342\/revisions\/348380"}],"wp:featuredmedia":[{"embeddable":true,"href":"https:\/\/www.notibras.com\/site\/wp-json\/wp\/v2\/media\/348343"}],"wp:attachment":[{"href":"https:\/\/www.notibras.com\/site\/wp-json\/wp\/v2\/media?parent=348342"}],"wp:term":[{"taxonomy":"category","embeddable":true,"href":"https:\/\/www.notibras.com\/site\/wp-json\/wp\/v2\/categories?post=348342"},{"taxonomy":"post_tag","embeddable":true,"href":"https:\/\/www.notibras.com\/site\/wp-json\/wp\/v2\/tags?post=348342"}],"curies":[{"name":"wp","href":"https:\/\/api.w.org\/{rel}","templated":true}]}}