{"id":348345,"date":"2025-02-19T00:03:00","date_gmt":"2025-02-19T03:03:00","guid":{"rendered":"https:\/\/www.notibras.com\/site\/?p=348345"},"modified":"2025-02-19T08:04:25","modified_gmt":"2025-02-19T11:04:25","slug":"deputados-criticam-mudanca-no-programa-de-home-care","status":"publish","type":"post","link":"https:\/\/www.notibras.com\/site\/deputados-criticam-mudanca-no-programa-de-home-care\/","title":{"rendered":"Deputados criticam mudan\u00e7a no programa de home care"},"content":{"rendered":"<p>Uma mudan\u00e7a no programa de atendimento domiciliar \u00e0 sa\u00fade, o chamado home care, foi criticada nesta ter\u00e7a-feira (18) por deputados distritais no plen\u00e1rio da C\u00e2mara Legislativa. O programa, que era gerido por uma empresa contratada com funcion\u00e1rios pagos de acordo com a CLT, passou a ser conduzido por outra empresa que agora quer contratar funcion\u00e1rios sob o regime de cooperativa.<\/p>\n<p>O deputado Chico Vigilante (PT) discorda da mudan\u00e7a. \u201cA empresa anterior prestava o servi\u00e7o pagando aos trabalhadores o piso nacional da enfermagem. Agora a secretaria contratou outra empresa, que &#8216;quarteirizou&#8217; o servi\u00e7o e est\u00e1 pagando somente R$ 115 por dia de trabalho para os t\u00e9cnicos de enfermagem, sem vale-alimenta\u00e7\u00e3o, sem vale-transporte, sem nada. N\u00e3o cabe cooperativa de presta\u00e7\u00e3o de servi\u00e7o na \u00e1rea da sa\u00fade. Queremos o rompimento imediato deste contrato para que as pessoas continuem sendo assistidas em suas casas, mas com os trabalhadores sendo tratados com dignidade\u201d, exigiu o deputado.<\/p>\n<p>Jorge Vianna (PSD) seguiu na mesma linha. \u201cEm vez de contratar trabalhadores no regime CLT, a nova empresa quer contratar cooperativas para realizar o servi\u00e7o. A Secretaria de Sa\u00fade n\u00e3o pode fechar os olhos e deixar as empresas fazerem o que bem entenderem. Estou notificando o Tribunal de Contas para que essa situa\u00e7\u00e3o seja verificada\u201d, anunciou Vianna.<\/p>\n","protected":false},"excerpt":{"rendered":"<p>Uma mudan\u00e7a no programa de atendimento domiciliar \u00e0 sa\u00fade, o chamado home care, foi criticada nesta ter\u00e7a-feira (18) por deputados distritais no plen\u00e1rio da C\u00e2mara Legislativa. O programa, que era gerido por uma empresa contratada com funcion\u00e1rios pagos de acordo com a CLT, passou a ser conduzido por outra empresa que agora quer contratar funcion\u00e1rios [&hellip;]<\/p>\n","protected":false},"author":2,"featured_media":348346,"comment_status":"closed","ping_status":"closed","sticky":false,"template":"","format":"standard","meta":{"_acf_changed":false,"footnotes":""},"categories":[161],"tags":[],"class_list":["post-348345","post","type-post","status-publish","format-standard","has-post-thumbnail","hentry","category-quadradinho-em-foco"],"acf":[],"_links":{"self":[{"href":"https:\/\/www.notibras.com\/site\/wp-json\/wp\/v2\/posts\/348345","targetHints":{"allow":["GET"]}}],"collection":[{"href":"https:\/\/www.notibras.com\/site\/wp-json\/wp\/v2\/posts"}],"about":[{"href":"https:\/\/www.notibras.com\/site\/wp-json\/wp\/v2\/types\/post"}],"author":[{"embeddable":true,"href":"https:\/\/www.notibras.com\/site\/wp-json\/wp\/v2\/users\/2"}],"replies":[{"embeddable":true,"href":"https:\/\/www.notibras.com\/site\/wp-json\/wp\/v2\/comments?post=348345"}],"version-history":[{"count":1,"href":"https:\/\/www.notibras.com\/site\/wp-json\/wp\/v2\/posts\/348345\/revisions"}],"predecessor-version":[{"id":348347,"href":"https:\/\/www.notibras.com\/site\/wp-json\/wp\/v2\/posts\/348345\/revisions\/348347"}],"wp:featuredmedia":[{"embeddable":true,"href":"https:\/\/www.notibras.com\/site\/wp-json\/wp\/v2\/media\/348346"}],"wp:attachment":[{"href":"https:\/\/www.notibras.com\/site\/wp-json\/wp\/v2\/media?parent=348345"}],"wp:term":[{"taxonomy":"category","embeddable":true,"href":"https:\/\/www.notibras.com\/site\/wp-json\/wp\/v2\/categories?post=348345"},{"taxonomy":"post_tag","embeddable":true,"href":"https:\/\/www.notibras.com\/site\/wp-json\/wp\/v2\/tags?post=348345"}],"curies":[{"name":"wp","href":"https:\/\/api.w.org\/{rel}","templated":true}]}}