{"id":348348,"date":"2025-02-19T00:00:07","date_gmt":"2025-02-19T03:00:07","guid":{"rendered":"https:\/\/www.notibras.com\/site\/?p=348348"},"modified":"2025-02-19T08:11:50","modified_gmt":"2025-02-19T11:11:50","slug":"oposicao-ironiza-oba-oba-de-ibaneis-com-reajuste-das-forcas-de-seguranca","status":"publish","type":"post","link":"https:\/\/www.notibras.com\/site\/oposicao-ironiza-oba-oba-de-ibaneis-com-reajuste-das-forcas-de-seguranca\/","title":{"rendered":"Oposi\u00e7\u00e3o ironiza oba-oba de Ibaneis com reajuste das for\u00e7as de seguran\u00e7a"},"content":{"rendered":"<p>A possibilidade de reajuste salarial para as for\u00e7as de seguran\u00e7a do Distrito Federal repercutiu no plen\u00e1rio da C\u00e2mara Legislativa na tarde desta ter\u00e7a-feira (18). O reajuste, que pode ser concedido aos servidores da Pol\u00edcia Militar, Pol\u00edcia Civil e Corpo de Bombeiros, chegou a ser anunciado pelo governador Ibaneis Rocha (MDB), embora a iniciativa da mat\u00e9ria seja exclusiva do presidente da Rep\u00fablica, uma vez que as for\u00e7as de seguran\u00e7a do DF s\u00e3o custeadas pelo Fundo Constitucional.<\/p>\n<p>O an\u00fancio do governador foi comemorado pelo deputado Roosevelt (PL). \u201cAs nossas for\u00e7as de seguran\u00e7a foram recolocadas no lugar de onde n\u00e3o deveriam ter sa\u00eddo, que \u00e9 entre os que ganham os melhores sal\u00e1rios do pa\u00eds. A nossa expectativa \u00e9 que o governo federal respeite a vontade do governador\u201d, afirmou. L\u00edder do governo na Casa, o deputado Hermeto (MDB) endossou a decis\u00e3o do governador. \u201cIbaneis recuperou a autoestima das for\u00e7as de seguran\u00e7a. A PMDF, que j\u00e1 foi a mais bem paga do Brasil, hoje \u00e9 a d\u00e9cima quarta. Sabemos que o custo de vida em Bras\u00edlia \u00e9 alto, por isso o reajuste \u00e9 necess\u00e1rio\u201d, ressaltou.<\/p>\n<p>A forma como a quest\u00e3o foi trabalhada pelo GDF, por\u00e9m, foi criticada pela oposi\u00e7\u00e3o. O deputado Chico Vigilante (PT) reclamou da falta de di\u00e1logo do GDF com o governo federal. O governador antes de mandar esse projeto deveria ter ligado para o presidente e conversado com ele\u201d, observou. F\u00e1bio Felix (Psol) refor\u00e7ou a observa\u00e7\u00e3o do colega. \u201cSe o governador est\u00e1 bem intencionado, tem que conversar primeiro com o presidente, n\u00e3o pode fazer um palanque eleitoral sem fazer a articula\u00e7\u00e3o. A iniciativa \u00e9 privativa do presidente da rep\u00fablica, n\u00e3o adianta anunciar sem ter a caneta na m\u00e3o\u201d, ponderou.<\/p>\n<p>O deputado Gabriel Magno (PT) tamb\u00e9m fez cr\u00edticas \u00e0 condu\u00e7\u00e3o da pauta pelo GDF. \u201c\u00c9 \u00f3bvio que o reajuste \u00e9 justo e necess\u00e1rio, mas \u00e9 preciso jogar com transpar\u00eancia. Quem encaminha o projeto de lei \u00e9 o presidente da Rep\u00fablica e quem vota \u00e9 o Congresso Nacional. N\u00e3o temos visto Ibaneis articulando e negociando para efetivar esse reajuste\u201d, afirmou.<\/p>\n<p>Em resposta \u00e0 oposi\u00e7\u00e3o, o deputado Hermeto afirmou que o governador vai se reunir com o presidente. \u201cHoje mesmo o governador me disse que iria marcar uma audi\u00eancia com o presidente Lula para tratar desse assunto\u201d, garantiu.<\/p>\n","protected":false},"excerpt":{"rendered":"<p>A possibilidade de reajuste salarial para as for\u00e7as de seguran\u00e7a do Distrito Federal repercutiu no plen\u00e1rio da C\u00e2mara Legislativa na tarde desta ter\u00e7a-feira (18). O reajuste, que pode ser concedido aos servidores da Pol\u00edcia Militar, Pol\u00edcia Civil e Corpo de Bombeiros, chegou a ser anunciado pelo governador Ibaneis Rocha (MDB), embora a iniciativa da mat\u00e9ria [&hellip;]<\/p>\n","protected":false},"author":2,"featured_media":348349,"comment_status":"closed","ping_status":"closed","sticky":false,"template":"","format":"standard","meta":{"_acf_changed":false,"footnotes":""},"categories":[161],"tags":[],"class_list":["post-348348","post","type-post","status-publish","format-standard","has-post-thumbnail","hentry","category-quadradinho-em-foco"],"acf":[],"_links":{"self":[{"href":"https:\/\/www.notibras.com\/site\/wp-json\/wp\/v2\/posts\/348348","targetHints":{"allow":["GET"]}}],"collection":[{"href":"https:\/\/www.notibras.com\/site\/wp-json\/wp\/v2\/posts"}],"about":[{"href":"https:\/\/www.notibras.com\/site\/wp-json\/wp\/v2\/types\/post"}],"author":[{"embeddable":true,"href":"https:\/\/www.notibras.com\/site\/wp-json\/wp\/v2\/users\/2"}],"replies":[{"embeddable":true,"href":"https:\/\/www.notibras.com\/site\/wp-json\/wp\/v2\/comments?post=348348"}],"version-history":[{"count":1,"href":"https:\/\/www.notibras.com\/site\/wp-json\/wp\/v2\/posts\/348348\/revisions"}],"predecessor-version":[{"id":348350,"href":"https:\/\/www.notibras.com\/site\/wp-json\/wp\/v2\/posts\/348348\/revisions\/348350"}],"wp:featuredmedia":[{"embeddable":true,"href":"https:\/\/www.notibras.com\/site\/wp-json\/wp\/v2\/media\/348349"}],"wp:attachment":[{"href":"https:\/\/www.notibras.com\/site\/wp-json\/wp\/v2\/media?parent=348348"}],"wp:term":[{"taxonomy":"category","embeddable":true,"href":"https:\/\/www.notibras.com\/site\/wp-json\/wp\/v2\/categories?post=348348"},{"taxonomy":"post_tag","embeddable":true,"href":"https:\/\/www.notibras.com\/site\/wp-json\/wp\/v2\/tags?post=348348"}],"curies":[{"name":"wp","href":"https:\/\/api.w.org\/{rel}","templated":true}]}}