{"id":348351,"date":"2025-02-19T00:16:24","date_gmt":"2025-02-19T03:16:24","guid":{"rendered":"https:\/\/www.notibras.com\/site\/?p=348351"},"modified":"2025-02-19T08:17:39","modified_gmt":"2025-02-19T11:17:39","slug":"buriti-engaveta-orientacao-para-ampliar-faixa-etaria-de-vacinacao","status":"publish","type":"post","link":"https:\/\/www.notibras.com\/site\/buriti-engaveta-orientacao-para-ampliar-faixa-etaria-de-vacinacao\/","title":{"rendered":"Buriti engaveta orienta\u00e7\u00e3o para ampliar faixa et\u00e1ria de vacina\u00e7\u00e3o"},"content":{"rendered":"<p>A Secretaria de Sa\u00fade do Distrito Federal n\u00e3o vai ampliar a faixa et\u00e1ria definida para a vacina\u00e7\u00e3o contra a dengue. Desta forma, apenas quem tem entre 10 e 14 anos pode ser imunizado contra a doen\u00e7a.<\/p>\n<p>Segundo a secretaria, as doses dispon\u00edveis no Distrito Federal t\u00eam validade at\u00e9 dezembro de 2025 e, portanto, n\u00e3o atendem ao crit\u00e9rio de amplia\u00e7\u00e3o citado em nota t\u00e9cnica do Minist\u00e9rio da Sa\u00fade.<\/p>\n<p><strong>Entenda<\/strong><br \/>\nNa \u00faltima sexta-feira (14), o minist\u00e9rio informou que vacinas contra a dengue que estiverem pr\u00f3ximas \u00e0s datas de vencimento poder\u00e3o ser aplicadas em pessoas com idades fora da faixa et\u00e1ria estipulada para o Sistema \u00danico de Sa\u00fade (SUS).<\/p>\n<p>Segundo a pasta, as doses em quest\u00e3o tamb\u00e9m poder\u00e3o ser remanejadas para munic\u00edpios ainda n\u00e3o contemplados pela vacina\u00e7\u00e3o. O objetivo \u00e9 garantir que todos os imunizantes adquiridos cheguem \u00e0 popula\u00e7\u00e3o.<\/p>\n<p>De acordo com a nota t\u00e9cnica, as doses com prazo de dois meses de validade poder\u00e3o ser remanejadas ou aplicadas em uma faixa et\u00e1ria ampliada que contempla crian\u00e7as e adolescentes de seis a 16 anos.<\/p>\n<p>J\u00e1 no caso de doses que t\u00eam apenas um m\u00eas de validade, a vacina\u00e7\u00e3o contra a dengue poder\u00e1 ser expandida at\u00e9 o limite et\u00e1rio especificado na bula da vacina \u2013 de quatro a 59 anos, 11 meses e 29 dias.<\/p>\n","protected":false},"excerpt":{"rendered":"<p>A Secretaria de Sa\u00fade do Distrito Federal n\u00e3o vai ampliar a faixa et\u00e1ria definida para a vacina\u00e7\u00e3o contra a dengue. Desta forma, apenas quem tem entre 10 e 14 anos pode ser imunizado contra a doen\u00e7a. Segundo a secretaria, as doses dispon\u00edveis no Distrito Federal t\u00eam validade at\u00e9 dezembro de 2025 e, portanto, n\u00e3o atendem [&hellip;]<\/p>\n","protected":false},"author":2,"featured_media":348352,"comment_status":"closed","ping_status":"closed","sticky":false,"template":"","format":"standard","meta":{"_acf_changed":false,"footnotes":""},"categories":[161],"tags":[],"class_list":["post-348351","post","type-post","status-publish","format-standard","has-post-thumbnail","hentry","category-quadradinho-em-foco"],"acf":[],"_links":{"self":[{"href":"https:\/\/www.notibras.com\/site\/wp-json\/wp\/v2\/posts\/348351","targetHints":{"allow":["GET"]}}],"collection":[{"href":"https:\/\/www.notibras.com\/site\/wp-json\/wp\/v2\/posts"}],"about":[{"href":"https:\/\/www.notibras.com\/site\/wp-json\/wp\/v2\/types\/post"}],"author":[{"embeddable":true,"href":"https:\/\/www.notibras.com\/site\/wp-json\/wp\/v2\/users\/2"}],"replies":[{"embeddable":true,"href":"https:\/\/www.notibras.com\/site\/wp-json\/wp\/v2\/comments?post=348351"}],"version-history":[{"count":1,"href":"https:\/\/www.notibras.com\/site\/wp-json\/wp\/v2\/posts\/348351\/revisions"}],"predecessor-version":[{"id":348353,"href":"https:\/\/www.notibras.com\/site\/wp-json\/wp\/v2\/posts\/348351\/revisions\/348353"}],"wp:featuredmedia":[{"embeddable":true,"href":"https:\/\/www.notibras.com\/site\/wp-json\/wp\/v2\/media\/348352"}],"wp:attachment":[{"href":"https:\/\/www.notibras.com\/site\/wp-json\/wp\/v2\/media?parent=348351"}],"wp:term":[{"taxonomy":"category","embeddable":true,"href":"https:\/\/www.notibras.com\/site\/wp-json\/wp\/v2\/categories?post=348351"},{"taxonomy":"post_tag","embeddable":true,"href":"https:\/\/www.notibras.com\/site\/wp-json\/wp\/v2\/tags?post=348351"}],"curies":[{"name":"wp","href":"https:\/\/api.w.org\/{rel}","templated":true}]}}