{"id":348354,"date":"2025-02-19T00:22:35","date_gmt":"2025-02-19T03:22:35","guid":{"rendered":"https:\/\/www.notibras.com\/site\/?p=348354"},"modified":"2025-02-19T08:24:36","modified_gmt":"2025-02-19T11:24:36","slug":"nova-adutora-reforca-abastecimento-de-agua-da-populacao","status":"publish","type":"post","link":"https:\/\/www.notibras.com\/site\/nova-adutora-reforca-abastecimento-de-agua-da-populacao\/","title":{"rendered":"Nova adutora refor\u00e7a abastecimento de \u00e1gua da popula\u00e7\u00e3o"},"content":{"rendered":"<p>A Companhia de Saneamento Ambiental do Distrito Federal (Caesb) come\u00e7ou as obras de implanta\u00e7\u00e3o de uma adutora de \u00e1gua tratada em Planaltina que beneficiar\u00e1 cerca de 12 mil moradores. A companhia est\u00e1 investindo, com recursos pr\u00f3prios, R$ 3.193.819,73. A previs\u00e3o de conclus\u00e3o \u00e9 para o segundo semestre deste ano.<\/p>\n<p>Com isso, ser\u00e1 poss\u00edvel aproveitar uma vaz\u00e3o adicional de at\u00e9 30 litros por segundo. A obra tamb\u00e9m contemplar\u00e1 a popula\u00e7\u00e3o de Sobradinho, al\u00e9m de beneficiar os moradores de Planaltina.<\/p>\n<p>\u201cEsse incremento na capacidade de distribui\u00e7\u00e3o trar\u00e1 maior flexibilidade operacional ao sistema Sobradinho\/Planaltina, otimizando a distribui\u00e7\u00e3o de \u00e1gua\u201d, explica o presidente da Caesb, Lu\u00eds Antonio Reis. Ele refor\u00e7a que, quando conclu\u00edda, a obra levar\u00e1 mais seguran\u00e7a \u00e0 regi\u00e3o.<\/p>\n<p>A Adutora de \u00c1gua Tratada Planaltina 170, com extens\u00e3o de 1.092,7 m, partir\u00e1 da Esta\u00e7\u00e3o de Tratamento de \u00c1gua (ETA) Planaltina, desenvolvendo-se paralelamente \u00e0s margens da rodovia BR-020 at\u00e9 a at\u00e9 a Elevat\u00f3ria de \u00c1gua Tratada Mestre d\u2019Armas,, onde ser\u00e1 feita uma travessia sob a pista para conex\u00e3o com a adutora j\u00e1 existente.<\/p>\n","protected":false},"excerpt":{"rendered":"<p>A Companhia de Saneamento Ambiental do Distrito Federal (Caesb) come\u00e7ou as obras de implanta\u00e7\u00e3o de uma adutora de \u00e1gua tratada em Planaltina que beneficiar\u00e1 cerca de 12 mil moradores. A companhia est\u00e1 investindo, com recursos pr\u00f3prios, R$ 3.193.819,73. A previs\u00e3o de conclus\u00e3o \u00e9 para o segundo semestre deste ano. Com isso, ser\u00e1 poss\u00edvel aproveitar uma [&hellip;]<\/p>\n","protected":false},"author":2,"featured_media":348355,"comment_status":"closed","ping_status":"closed","sticky":false,"template":"","format":"standard","meta":{"_acf_changed":false,"footnotes":""},"categories":[161],"tags":[],"class_list":["post-348354","post","type-post","status-publish","format-standard","has-post-thumbnail","hentry","category-quadradinho-em-foco"],"acf":[],"_links":{"self":[{"href":"https:\/\/www.notibras.com\/site\/wp-json\/wp\/v2\/posts\/348354","targetHints":{"allow":["GET"]}}],"collection":[{"href":"https:\/\/www.notibras.com\/site\/wp-json\/wp\/v2\/posts"}],"about":[{"href":"https:\/\/www.notibras.com\/site\/wp-json\/wp\/v2\/types\/post"}],"author":[{"embeddable":true,"href":"https:\/\/www.notibras.com\/site\/wp-json\/wp\/v2\/users\/2"}],"replies":[{"embeddable":true,"href":"https:\/\/www.notibras.com\/site\/wp-json\/wp\/v2\/comments?post=348354"}],"version-history":[{"count":1,"href":"https:\/\/www.notibras.com\/site\/wp-json\/wp\/v2\/posts\/348354\/revisions"}],"predecessor-version":[{"id":348356,"href":"https:\/\/www.notibras.com\/site\/wp-json\/wp\/v2\/posts\/348354\/revisions\/348356"}],"wp:featuredmedia":[{"embeddable":true,"href":"https:\/\/www.notibras.com\/site\/wp-json\/wp\/v2\/media\/348355"}],"wp:attachment":[{"href":"https:\/\/www.notibras.com\/site\/wp-json\/wp\/v2\/media?parent=348354"}],"wp:term":[{"taxonomy":"category","embeddable":true,"href":"https:\/\/www.notibras.com\/site\/wp-json\/wp\/v2\/categories?post=348354"},{"taxonomy":"post_tag","embeddable":true,"href":"https:\/\/www.notibras.com\/site\/wp-json\/wp\/v2\/tags?post=348354"}],"curies":[{"name":"wp","href":"https:\/\/api.w.org\/{rel}","templated":true}]}}