{"id":348357,"date":"2025-02-19T08:42:57","date_gmt":"2025-02-19T11:42:57","guid":{"rendered":"https:\/\/www.notibras.com\/site\/?p=348357"},"modified":"2025-02-19T08:44:09","modified_gmt":"2025-02-19T11:44:09","slug":"agnaldo-tipo-cantor-de-cabare-olha-as-letrinhas-ate-que-se-vende-a-petisco","status":"publish","type":"post","link":"https:\/\/www.notibras.com\/site\/agnaldo-tipo-cantor-de-cabare-olha-as-letrinhas-ate-que-se-vende-a-petisco\/","title":{"rendered":"Agnaldo, tipo cantor de cabar\u00e9, olha as letrinhas at\u00e9 que se vende a petisco"},"content":{"rendered":"<p>Agnaldo, tipo bonit\u00e3o, cara de todos amigos, \u00e9 o primeiro a ter contato com os meus escritos, cujas palavras fa\u00e7o quest\u00e3o de colocar em cadernos, apesar da insist\u00eancia de minha mulher querer que eu passe a usar um computador.<\/p>\n<p>\u2014 Luiz, daqui a pouco, teremos que alugar uma sala para colocar tantos cadernos.<\/p>\n<p>Exagero da minha amada, j\u00e1 que n\u00e3o s\u00e3o mais do que duas caixas grandes, que ficam guardadas na garagem da nossa casa. Al\u00e9m de n\u00e3o ocupar tanto espa\u00e7o, \u00e9 um passatempo para este velho. Al\u00e9m do mais, nosso carro \u00e9 um Fusca, que mal sai do aconchego de uma quase aposentadoria. Nem sei por que ainda n\u00e3o o vendemos. Talvez por apego, talvez por pregui\u00e7a, talvez at\u00e9 por coisa que ainda n\u00e3o quis pensar.<\/p>\n<p>N\u00e3o descarto a raz\u00e3o da minha esposa, ainda mais porque sou do tipo acostumado a obedecer. Fui criado por mulheres, apesar da presen\u00e7a de papai, figura quase apagada em rela\u00e7\u00e3o aos ditames da casa. Gerente de banco que era, nunca deu pitaco assim que colocava os p\u00e9s dentro do nosso lar.<\/p>\n<p>Segui os passos de meu pai e, logo ap\u00f3s completar 18 anos, ingressei no Banco do Brasil, onde fiz carreira at\u00e9 me aposentar. Durante todos aqueles anos, busquei na literatura ref\u00fagio, que certamente foi um dos pilares da minha sanidade mental. Li os cl\u00e1ssicos e, n\u00e3o raro, comprava livros de colegas que se aventuravam na escrita. Confesso que n\u00e3o sou o melhor cr\u00edtico sobre o assunto, mas consegui enxergar talentos incomuns em dois ou tr\u00eas, que me fizeram invej\u00e1-los e, n\u00e3o tardou, tive \u00edmpeto de me tornar tamb\u00e9m aventureiro.<\/p>\n<p>Comecei com pequenos rabiscos, nenhum que valha o esfor\u00e7o de ser lido. No entanto, como pai zeloso que sempre procurei ser, os guardo como lembran\u00e7a dos primeiros passos dos meus filhos, hoje todos criados e vivendo suas vidas. Nunca mais os li, apesar da promessa de faz\u00ea-lo assim que a coragem para tal me fizer uma visita, seja at\u00e9 mesmo para um caf\u00e9 em hora inapropriada. \u00c9 que praticamente todos esses momentos se foram depois que troquei o palet\u00f3 por qualquer camisa folgada, cal\u00e7a de moletom e sand\u00e1lias.<\/p>\n<p>Falei tanto, que acabei me esquecendo do Agnaldo, que chegou pelas m\u00e3os do meu filho. Este, como todos os homens da fam\u00edlia, telefonaram antes para saber se poderia ou n\u00e3o trazer o dito cujo. Por acaso, eu quem atendi e, ent\u00e3o, passei o telefone para a minha esposa.<\/p>\n<p>Como j\u00e1 havia dito, o Agnaldo \u00e9 bonit\u00e3o, cara de todos amigos, n\u00e3o tem ra\u00e7a definida e, que nem muitos outros vira-latas, possui aquele jeit\u00e3o de sambista carioca.<\/p>\n<p>\u2014 Sambista carioca? De onde tirou isso, Luiz?<\/p>\n<p>\u00c9 a Laura, minha esposa, que deu aquela esticada de olho nas minhas anota\u00e7\u00f5es. Assim que ela deu as costas, voltei a escrever. Pera\u00ed! Talvez minha mulher tenha raz\u00e3o. Dei aquela encarada no meu amigo, que, surpreendido, fez pose de altivo. Hum! Cauby! \u00c9 isso, o Agnaldo tem a presen\u00e7a do Cauby Peixoto.<\/p>\n<p>\u2014 Cauby? Luiz, o Agnaldo t\u00e1 mais pra cantor de cabar\u00e9.<\/p>\n<p>Laura, mais uma vez, tem raz\u00e3o, e o Agnaldo parece concordar, pois n\u00e3o para de abanar o rabo para ela. Se bem que minha amada acabou de lhe dar um petisco. Que cachorro vendido! Estou pensando em utilizar a mesma t\u00e9cnica quando eu for ler meus textos para o meu amigo. Quem sabe, assim, eu me anime para desencaixot\u00e1-los e mand\u00e1-los para o <em>Caf\u00e9 Liter\u00e1rio<\/em> do <strong>Notibras<\/strong>&#8230; Ser\u00e1 que ser\u00e3o aceitos?<\/p>\n<p>&#8230;&#8230;&#8230;&#8230;&#8230;&#8230;&#8230;&#8230;&#8230;&#8230;&#8230;&#8230;&#8230;.<\/p>\n<p><strong>Eduardo Mart\u00ednez \u00e9 autor do livro 57 Contos e Cr\u00f4nicas por um Autor Muito Velho\u2019<\/strong><\/p>\n<p>Compre aqui\u00a0<span class=\"x19la9d6 x1fc57z9 x6ikm8r x10wlt62 x19co3pv x1g5zs5t xfibh0p xiy17q3 x1xsqp64 x1lkfr7t xexx8yu x4uap5 x18d9i69 xkhd6sd\"><span class=\"xrtxmta x1bhl96m\"><img decoding=\"async\" class=\"emoji\" role=\"img\" draggable=\"false\" src=\"https:\/\/s.w.org\/images\/core\/emoji\/15.0.3\/svg\/1f447-1f3ff.svg\" alt=\"&#x1f447;&#x1f3ff;\" \/><\/span><\/span><\/p>\n<p><a href=\"https:\/\/www.joanineditora.com.br\/57-contos-e-cronicas-por-um-autor-muito-velho\">https:\/\/www.joanineditora.com.br\/57-contos-e-cronicas-por-um-autor-muito-velho<\/a><\/p>\n","protected":false},"excerpt":{"rendered":"<p>Agnaldo, tipo bonit\u00e3o, cara de todos amigos, \u00e9 o primeiro a ter contato com os meus escritos, cujas palavras fa\u00e7o quest\u00e3o de colocar em cadernos, apesar da insist\u00eancia de minha mulher querer que eu passe a usar um computador. \u2014 Luiz, daqui a pouco, teremos que alugar uma sala para colocar tantos cadernos. Exagero da [&hellip;]<\/p>\n","protected":false},"author":2,"featured_media":348358,"comment_status":"closed","ping_status":"closed","sticky":false,"template":"","format":"standard","meta":{"_acf_changed":false,"footnotes":""},"categories":[161],"tags":[],"class_list":["post-348357","post","type-post","status-publish","format-standard","has-post-thumbnail","hentry","category-quadradinho-em-foco"],"acf":[],"_links":{"self":[{"href":"https:\/\/www.notibras.com\/site\/wp-json\/wp\/v2\/posts\/348357","targetHints":{"allow":["GET"]}}],"collection":[{"href":"https:\/\/www.notibras.com\/site\/wp-json\/wp\/v2\/posts"}],"about":[{"href":"https:\/\/www.notibras.com\/site\/wp-json\/wp\/v2\/types\/post"}],"author":[{"embeddable":true,"href":"https:\/\/www.notibras.com\/site\/wp-json\/wp\/v2\/users\/2"}],"replies":[{"embeddable":true,"href":"https:\/\/www.notibras.com\/site\/wp-json\/wp\/v2\/comments?post=348357"}],"version-history":[{"count":2,"href":"https:\/\/www.notibras.com\/site\/wp-json\/wp\/v2\/posts\/348357\/revisions"}],"predecessor-version":[{"id":348360,"href":"https:\/\/www.notibras.com\/site\/wp-json\/wp\/v2\/posts\/348357\/revisions\/348360"}],"wp:featuredmedia":[{"embeddable":true,"href":"https:\/\/www.notibras.com\/site\/wp-json\/wp\/v2\/media\/348358"}],"wp:attachment":[{"href":"https:\/\/www.notibras.com\/site\/wp-json\/wp\/v2\/media?parent=348357"}],"wp:term":[{"taxonomy":"category","embeddable":true,"href":"https:\/\/www.notibras.com\/site\/wp-json\/wp\/v2\/categories?post=348357"},{"taxonomy":"post_tag","embeddable":true,"href":"https:\/\/www.notibras.com\/site\/wp-json\/wp\/v2\/tags?post=348357"}],"curies":[{"name":"wp","href":"https:\/\/api.w.org\/{rel}","templated":true}]}}