{"id":348401,"date":"2025-02-20T00:30:30","date_gmt":"2025-02-20T03:30:30","guid":{"rendered":"https:\/\/www.notibras.com\/site\/?p=348401"},"modified":"2025-02-20T06:31:49","modified_gmt":"2025-02-20T09:31:49","slug":"bahia-e-ceara-encabecam-vagas-para-estagios-profissionais","status":"publish","type":"post","link":"https:\/\/www.notibras.com\/site\/bahia-e-ceara-encabecam-vagas-para-estagios-profissionais\/","title":{"rendered":"Bahia e Cear\u00e1 encabe\u00e7am vagas para est\u00e1gios profissionais"},"content":{"rendered":"<p>A partir desta quinta-feira (20), jovens e estudantes poder\u00e3o se inscrever para vagas de est\u00e1gio e de aprendizagem que ser\u00e3o oferecidas durante a Maratona de Vagas CIEE. O evento promovido pelo Centro de Integra\u00e7\u00e3o Empresa-Escola (CIEE) \u00e9 gratuito e oferece disponibiliza 22,3 mil vagas.<\/p>\n<p>Do total de vagas oferecidas, cerca de 8,2 mil s\u00e3o oportunidades para est\u00e1gio; 3,4 mil, para o programa de aprendizagem; e 10,2 mil oportunidades oriundas de processos seletivos p\u00fablicos. No Nordeste, o maior n\u00famero de vagas estar\u00e1 dispon\u00edvel na Bahia (662) e Cear\u00e1 (408).<\/p>\n<p>De acordo com levantamento do CIEE, as \u00e1reas com maior n\u00famero de oportunidades dentro do programa de est\u00e1gio s\u00e3o: administra\u00e7\u00e3o, direito, marketing, contabilidade, constru\u00e7\u00e3o civil, tecnologia e comunica\u00e7\u00e3o social. J\u00e1 em aprendizagem, os cursos de capacita\u00e7\u00e3o com maior volume de vagas s\u00e3o para as \u00e1reas de administra\u00e7\u00e3o, vendas, varejo, log\u00edstica e produ\u00e7\u00e3o.<\/p>\n<p>Para se candidatar \u00e0s vagas, o jovem deve comparecer a um dos mais de 90 postos de atendimento espalhados em 20 estados brasileiros que v\u00e3o funcionar durante a maratona. A maratona ocorre entre as 9h e as 15h de amanh\u00e3.<\/p>\n<p>Antes de se dirigir ao local, os interessados devem acessar a p\u00e1gina do CIEE para encontrar a unidade mais pr\u00f3xima de sua resid\u00eancia. Para construir o perfil pessoal, \u00e9 recomendado que os jovens tenham em m\u00e3os um comprovante de resid\u00eancia (que pode estar no nome dos pais ou parentes pr\u00f3ximos), al\u00e9m de RG e CPF.<\/p>\n","protected":false},"excerpt":{"rendered":"<p>A partir desta quinta-feira (20), jovens e estudantes poder\u00e3o se inscrever para vagas de est\u00e1gio e de aprendizagem que ser\u00e3o oferecidas durante a Maratona de Vagas CIEE. O evento promovido pelo Centro de Integra\u00e7\u00e3o Empresa-Escola (CIEE) \u00e9 gratuito e oferece disponibiliza 22,3 mil vagas. Do total de vagas oferecidas, cerca de 8,2 mil s\u00e3o oportunidades [&hellip;]<\/p>\n","protected":false},"author":2,"featured_media":348402,"comment_status":"closed","ping_status":"closed","sticky":false,"template":"","format":"standard","meta":{"_acf_changed":false,"footnotes":""},"categories":[165],"tags":[],"class_list":["post-348401","post","type-post","status-publish","format-standard","has-post-thumbnail","hentry","category-nordeste"],"acf":[],"_links":{"self":[{"href":"https:\/\/www.notibras.com\/site\/wp-json\/wp\/v2\/posts\/348401","targetHints":{"allow":["GET"]}}],"collection":[{"href":"https:\/\/www.notibras.com\/site\/wp-json\/wp\/v2\/posts"}],"about":[{"href":"https:\/\/www.notibras.com\/site\/wp-json\/wp\/v2\/types\/post"}],"author":[{"embeddable":true,"href":"https:\/\/www.notibras.com\/site\/wp-json\/wp\/v2\/users\/2"}],"replies":[{"embeddable":true,"href":"https:\/\/www.notibras.com\/site\/wp-json\/wp\/v2\/comments?post=348401"}],"version-history":[{"count":1,"href":"https:\/\/www.notibras.com\/site\/wp-json\/wp\/v2\/posts\/348401\/revisions"}],"predecessor-version":[{"id":348403,"href":"https:\/\/www.notibras.com\/site\/wp-json\/wp\/v2\/posts\/348401\/revisions\/348403"}],"wp:featuredmedia":[{"embeddable":true,"href":"https:\/\/www.notibras.com\/site\/wp-json\/wp\/v2\/media\/348402"}],"wp:attachment":[{"href":"https:\/\/www.notibras.com\/site\/wp-json\/wp\/v2\/media?parent=348401"}],"wp:term":[{"taxonomy":"category","embeddable":true,"href":"https:\/\/www.notibras.com\/site\/wp-json\/wp\/v2\/categories?post=348401"},{"taxonomy":"post_tag","embeddable":true,"href":"https:\/\/www.notibras.com\/site\/wp-json\/wp\/v2\/tags?post=348401"}],"curies":[{"name":"wp","href":"https:\/\/api.w.org\/{rel}","templated":true}]}}