{"id":348404,"date":"2025-02-20T00:00:38","date_gmt":"2025-02-20T03:00:38","guid":{"rendered":"https:\/\/www.notibras.com\/site\/?p=348404"},"modified":"2025-02-20T06:43:05","modified_gmt":"2025-02-20T09:43:05","slug":"regulamentada-lei-que-restringe-uso-de-celular-na-escola","status":"publish","type":"post","link":"https:\/\/www.notibras.com\/site\/regulamentada-lei-que-restringe-uso-de-celular-na-escola\/","title":{"rendered":"Regulamentada lei que restringe uso de celular na escola"},"content":{"rendered":"<p>As regras sobre a restri\u00e7\u00e3o do uso de aparelhos eletr\u00f4nicos port\u00e1teis pessoais por estudantes nos estabelecimentos p\u00fablicos e privados de ensino da educa\u00e7\u00e3o b\u00e1sica foram estabelecidas nesta quarta-feira (19). Entre as normas est\u00e3o estrat\u00e9gias de orienta\u00e7\u00e3o aos estudantes e capacita\u00e7\u00e3o dos profissionais de educa\u00e7\u00e3o sobre o tema.<\/p>\n<p>A regulamenta\u00e7\u00e3o da Lei 15.100\/2025 foi estabelecida por um decreto assinado pelo presidente Luiz In\u00e1cio Lula da Silva e publicado nesta quarta-feira (19) no Di\u00e1rio Oficial da Uni\u00e3o. O documento observa a gest\u00e3o democr\u00e1tica do ensino e garante a participa\u00e7\u00e3o da comunidade escolar na adequa\u00e7\u00e3o das regras ao contexto local.<\/p>\n<p>O detalhamento sobre as exce\u00e7\u00f5es para uso dos eletr\u00f4nicos traz a necessidade de atestado, laudo m\u00e9dico ou outro documento assinado por profissional de sa\u00fade para casos em que o estudante necessite do celular para tecnologia assistiva no processo de ensino. Tamb\u00e9m nos casos de monitoramento e cuidado de condi\u00e7\u00f5es de sa\u00fade. A regra pode ser adaptada a outras formas de comprova\u00e7\u00e3o a crit\u00e9rio dos sistemas de ensino.<\/p>\n<p>O decreto define ainda a inclus\u00e3o de estrat\u00e9gias de orienta\u00e7\u00e3o dos estudantes e forma\u00e7\u00e3o dos professores nos regimentos internos escolares e nas propostas pedag\u00f3gicas. Foram definidos como obrigat\u00f3rias as ofertas de educa\u00e7\u00e3o digital para o uso seguro, respons\u00e1vel e equilibrado de aparelhos eletr\u00f4nicos aos professores, que tamb\u00e9m dever\u00e3o ser capacitados a identificar sinais de sofrimento ps\u00edquico em estudantes, decorrente do uso imoderado dos celulares.<\/p>\n<p>Nos mesmos documentos das institui\u00e7\u00f5es de ensino, tamb\u00e9m dever\u00e3o constar a forma como os celulares ser\u00e3o usados de forma pedag\u00f3gica e como os aparelhos ser\u00e3o guardados durante a aula, o recreio ou os intervalos.<\/p>\n<p>As institui\u00e7\u00f5es de ensino tamb\u00e9m ser\u00e3o respons\u00e1veis por estabelecer as consequ\u00eancias do descumprimento da lei, considerando o que j\u00e1 foi estabelecido pelas normas federais e as orienta\u00e7\u00f5es emitidas pelo Conselho Nacional de Educa\u00e7\u00e3o.<\/p>\n<p>Por fim, o governo refor\u00e7ou a obriga\u00e7\u00e3o dos estabelecimentos p\u00fablicos e privados de promoverem a\u00e7\u00f5es de conscientiza\u00e7\u00e3o sobre os riscos de uso excessivo de celulares e outros eletr\u00f4nicos port\u00e1teis pessoais. Inclusive, de promover espa\u00e7os de escuta e garantir acolhimento aos estudantes, professores e profissionais dos estabelecimento de ensino que apresentem sinais de sofrimento ps\u00edquico relacionados ao tema.<\/p>\n","protected":false},"excerpt":{"rendered":"<p>As regras sobre a restri\u00e7\u00e3o do uso de aparelhos eletr\u00f4nicos port\u00e1teis pessoais por estudantes nos estabelecimentos p\u00fablicos e privados de ensino da educa\u00e7\u00e3o b\u00e1sica foram estabelecidas nesta quarta-feira (19). Entre as normas est\u00e3o estrat\u00e9gias de orienta\u00e7\u00e3o aos estudantes e capacita\u00e7\u00e3o dos profissionais de educa\u00e7\u00e3o sobre o tema. A regulamenta\u00e7\u00e3o da Lei 15.100\/2025 foi estabelecida por [&hellip;]<\/p>\n","protected":false},"author":2,"featured_media":348405,"comment_status":"closed","ping_status":"closed","sticky":false,"template":"","format":"standard","meta":{"_acf_changed":false,"footnotes":""},"categories":[165],"tags":[],"class_list":["post-348404","post","type-post","status-publish","format-standard","has-post-thumbnail","hentry","category-nordeste"],"acf":[],"_links":{"self":[{"href":"https:\/\/www.notibras.com\/site\/wp-json\/wp\/v2\/posts\/348404","targetHints":{"allow":["GET"]}}],"collection":[{"href":"https:\/\/www.notibras.com\/site\/wp-json\/wp\/v2\/posts"}],"about":[{"href":"https:\/\/www.notibras.com\/site\/wp-json\/wp\/v2\/types\/post"}],"author":[{"embeddable":true,"href":"https:\/\/www.notibras.com\/site\/wp-json\/wp\/v2\/users\/2"}],"replies":[{"embeddable":true,"href":"https:\/\/www.notibras.com\/site\/wp-json\/wp\/v2\/comments?post=348404"}],"version-history":[{"count":1,"href":"https:\/\/www.notibras.com\/site\/wp-json\/wp\/v2\/posts\/348404\/revisions"}],"predecessor-version":[{"id":348406,"href":"https:\/\/www.notibras.com\/site\/wp-json\/wp\/v2\/posts\/348404\/revisions\/348406"}],"wp:featuredmedia":[{"embeddable":true,"href":"https:\/\/www.notibras.com\/site\/wp-json\/wp\/v2\/media\/348405"}],"wp:attachment":[{"href":"https:\/\/www.notibras.com\/site\/wp-json\/wp\/v2\/media?parent=348404"}],"wp:term":[{"taxonomy":"category","embeddable":true,"href":"https:\/\/www.notibras.com\/site\/wp-json\/wp\/v2\/categories?post=348404"},{"taxonomy":"post_tag","embeddable":true,"href":"https:\/\/www.notibras.com\/site\/wp-json\/wp\/v2\/tags?post=348404"}],"curies":[{"name":"wp","href":"https:\/\/api.w.org\/{rel}","templated":true}]}}