{"id":348410,"date":"2025-02-20T00:05:48","date_gmt":"2025-02-20T03:05:48","guid":{"rendered":"https:\/\/www.notibras.com\/site\/?p=348410"},"modified":"2025-02-20T07:04:32","modified_gmt":"2025-02-20T10:04:32","slug":"mulher-e-dois-filhos-sao-resgatados-de-carcere-privado-em-joao-pessoa","status":"publish","type":"post","link":"https:\/\/www.notibras.com\/site\/mulher-e-dois-filhos-sao-resgatados-de-carcere-privado-em-joao-pessoa\/","title":{"rendered":"Mulher e dois filhos s\u00e3o resgatados de c\u00e1rcere privado em Jo\u00e3o Pessoa"},"content":{"rendered":"<p>Uma mulher de 27 anos e seus dois filhos, de 4 e 5 anos, foram resgatados de uma resid\u00eancia no bairro do Valentina, em Jo\u00e3o Pessoa, onde eram mantidos em c\u00e1rcere privado. O principal suspeito do crime \u00e9 o marido da v\u00edtima.<\/p>\n<p>A Pol\u00edcia Militar foi acionada ap\u00f3s uma den\u00fancia an\u00f4nima e, ao chegar ao local, encontrou a mulher e as crian\u00e7as trancadas dentro da casa. Para realizar o resgate, os agentes precisaram arrombar um cadeado que impedia a sa\u00edda da fam\u00edlia.<\/p>\n<p>Segundo as autoridades, al\u00e9m do c\u00e1rcere privado, a v\u00edtima tamb\u00e9m sofria viol\u00eancia dom\u00e9stica e teve o cabelo cortado \u00e0 for\u00e7a. Ap\u00f3s o resgate, ela foi encaminhada \u00e0 Central de Pol\u00edcia para registrar a ocorr\u00eancia.<\/p>\n","protected":false},"excerpt":{"rendered":"<p>Uma mulher de 27 anos e seus dois filhos, de 4 e 5 anos, foram resgatados de uma resid\u00eancia no bairro do Valentina, em Jo\u00e3o Pessoa, onde eram mantidos em c\u00e1rcere privado. O principal suspeito do crime \u00e9 o marido da v\u00edtima. A Pol\u00edcia Militar foi acionada ap\u00f3s uma den\u00fancia an\u00f4nima e, ao chegar ao [&hellip;]<\/p>\n","protected":false},"author":2,"featured_media":348411,"comment_status":"closed","ping_status":"closed","sticky":false,"template":"","format":"standard","meta":{"_acf_changed":false,"footnotes":""},"categories":[165],"tags":[],"class_list":["post-348410","post","type-post","status-publish","format-standard","has-post-thumbnail","hentry","category-nordeste"],"acf":[],"_links":{"self":[{"href":"https:\/\/www.notibras.com\/site\/wp-json\/wp\/v2\/posts\/348410","targetHints":{"allow":["GET"]}}],"collection":[{"href":"https:\/\/www.notibras.com\/site\/wp-json\/wp\/v2\/posts"}],"about":[{"href":"https:\/\/www.notibras.com\/site\/wp-json\/wp\/v2\/types\/post"}],"author":[{"embeddable":true,"href":"https:\/\/www.notibras.com\/site\/wp-json\/wp\/v2\/users\/2"}],"replies":[{"embeddable":true,"href":"https:\/\/www.notibras.com\/site\/wp-json\/wp\/v2\/comments?post=348410"}],"version-history":[{"count":1,"href":"https:\/\/www.notibras.com\/site\/wp-json\/wp\/v2\/posts\/348410\/revisions"}],"predecessor-version":[{"id":348412,"href":"https:\/\/www.notibras.com\/site\/wp-json\/wp\/v2\/posts\/348410\/revisions\/348412"}],"wp:featuredmedia":[{"embeddable":true,"href":"https:\/\/www.notibras.com\/site\/wp-json\/wp\/v2\/media\/348411"}],"wp:attachment":[{"href":"https:\/\/www.notibras.com\/site\/wp-json\/wp\/v2\/media?parent=348410"}],"wp:term":[{"taxonomy":"category","embeddable":true,"href":"https:\/\/www.notibras.com\/site\/wp-json\/wp\/v2\/categories?post=348410"},{"taxonomy":"post_tag","embeddable":true,"href":"https:\/\/www.notibras.com\/site\/wp-json\/wp\/v2\/tags?post=348410"}],"curies":[{"name":"wp","href":"https:\/\/api.w.org\/{rel}","templated":true}]}}