{"id":348430,"date":"2025-02-20T00:08:42","date_gmt":"2025-02-20T03:08:42","guid":{"rendered":"https:\/\/www.notibras.com\/site\/?p=348430"},"modified":"2025-02-20T08:20:20","modified_gmt":"2025-02-20T11:20:20","slug":"celina-leao-encaminha-posse-do-novo-colegiado-da-anafe","status":"publish","type":"post","link":"https:\/\/www.notibras.com\/site\/celina-leao-encaminha-posse-do-novo-colegiado-da-anafe\/","title":{"rendered":"Celina Le\u00e3o encaminha posse do novo colegiado da Anafe"},"content":{"rendered":"<p>A nova diretoria da Associa\u00e7\u00e3o Nacional dos Advogados P\u00fablicos Federais (Anafe) tomou posse nesta quarta-feira (19), na sede da institui\u00e7\u00e3o, no Lago Sul. A Anafe promove a defesa dos advogados p\u00fablicos, na promo\u00e7\u00e3o da advocacia p\u00fablica no Brasil e na defesa do Estado de Democr\u00e1tico de Direito. Foram empossados os membros da nova diretoria, do colegiado, do conselho fiscal e das coordena\u00e7\u00f5es das carreiras.<\/p>\n<p>\u201cN\u00f3s sabemos da necessidade de ter um corpo t\u00e9cnico de qualidade, com homens e mulheres comprometidos com a legalidade no servi\u00e7o p\u00fablico. A Anafe \u00e9 uma institui\u00e7\u00e3o de suma import\u00e2ncia para a garantia da Justi\u00e7a, que nos ajuda a enfrentar os desafios que se apresentam no poder p\u00fablico da melhor maneira\u201d, afirmou a vice-governadora Celina Le\u00e3o<\/p>\n<p>O novo presidente da Anafe, Victor Pinto Chaves, empossado em janeiro deste ano, destacou a import\u00e2ncia do di\u00e1logo com os poderes.<\/p>\n<p>\u201cA nossa miss\u00e3o \u00e9 convencer os poderes democraticamente constitu\u00eddos que temos uma agenda muito forte e importante a ser implementada que se refletir\u00e1 na melhoria da advocacia e seu servi\u00e7o prestado ao Brasil. A Anafe \u00e9 uma associa\u00e7\u00e3o livre e din\u00e2mica, baseada na democracia participativa, na transpar\u00eancia, no pluralismo de ideias e na representa\u00e7\u00e3o igualit\u00e1ria das carreiras\u201d, disse.<\/p>\n<p>A Anafe representa os membros da Advocacia Geral da Uni\u00e3o (AGU), que s\u00e3o os advogados da Uni\u00e3o, procuradores federais, da Fazenda Nacional e do Banco Central.<\/p>\n<p>Durante a solenidade, foram homenageados os procuradores Dora L\u00facia de Lima Bert\u00falio, Maria Rebeca Lima e Dilson Jos\u00e9 Conde Freire, que faleceram recentemente.<\/p>\n","protected":false},"excerpt":{"rendered":"<p>A nova diretoria da Associa\u00e7\u00e3o Nacional dos Advogados P\u00fablicos Federais (Anafe) tomou posse nesta quarta-feira (19), na sede da institui\u00e7\u00e3o, no Lago Sul. A Anafe promove a defesa dos advogados p\u00fablicos, na promo\u00e7\u00e3o da advocacia p\u00fablica no Brasil e na defesa do Estado de Democr\u00e1tico de Direito. Foram empossados os membros da nova diretoria, do [&hellip;]<\/p>\n","protected":false},"author":2,"featured_media":348431,"comment_status":"closed","ping_status":"closed","sticky":false,"template":"","format":"standard","meta":{"_acf_changed":false,"footnotes":""},"categories":[161],"tags":[],"class_list":["post-348430","post","type-post","status-publish","format-standard","has-post-thumbnail","hentry","category-quadradinho-em-foco"],"acf":[],"_links":{"self":[{"href":"https:\/\/www.notibras.com\/site\/wp-json\/wp\/v2\/posts\/348430","targetHints":{"allow":["GET"]}}],"collection":[{"href":"https:\/\/www.notibras.com\/site\/wp-json\/wp\/v2\/posts"}],"about":[{"href":"https:\/\/www.notibras.com\/site\/wp-json\/wp\/v2\/types\/post"}],"author":[{"embeddable":true,"href":"https:\/\/www.notibras.com\/site\/wp-json\/wp\/v2\/users\/2"}],"replies":[{"embeddable":true,"href":"https:\/\/www.notibras.com\/site\/wp-json\/wp\/v2\/comments?post=348430"}],"version-history":[{"count":1,"href":"https:\/\/www.notibras.com\/site\/wp-json\/wp\/v2\/posts\/348430\/revisions"}],"predecessor-version":[{"id":348432,"href":"https:\/\/www.notibras.com\/site\/wp-json\/wp\/v2\/posts\/348430\/revisions\/348432"}],"wp:featuredmedia":[{"embeddable":true,"href":"https:\/\/www.notibras.com\/site\/wp-json\/wp\/v2\/media\/348431"}],"wp:attachment":[{"href":"https:\/\/www.notibras.com\/site\/wp-json\/wp\/v2\/media?parent=348430"}],"wp:term":[{"taxonomy":"category","embeddable":true,"href":"https:\/\/www.notibras.com\/site\/wp-json\/wp\/v2\/categories?post=348430"},{"taxonomy":"post_tag","embeddable":true,"href":"https:\/\/www.notibras.com\/site\/wp-json\/wp\/v2\/tags?post=348430"}],"curies":[{"name":"wp","href":"https:\/\/api.w.org\/{rel}","templated":true}]}}