{"id":348433,"date":"2025-02-20T00:00:15","date_gmt":"2025-02-20T03:00:15","guid":{"rendered":"https:\/\/www.notibras.com\/site\/?p=348433"},"modified":"2025-02-20T08:25:00","modified_gmt":"2025-02-20T11:25:00","slug":"enfermeiros-obstetras-participam-de-curso-de-cuidados-ao-recem-nascido","status":"publish","type":"post","link":"https:\/\/www.notibras.com\/site\/enfermeiros-obstetras-participam-de-curso-de-cuidados-ao-recem-nascido\/","title":{"rendered":"Enfermeiros obstetras participam de curso de cuidados ao rec\u00e9m-nascido"},"content":{"rendered":"<p>Enfermeiros generalistas e obstetras que atuam nos centros obst\u00e9tricos da Secretaria de Sa\u00fade do Distrito Federal participaram, nesta quarta-feira (19), da quarta edi\u00e7\u00e3o do Curso de Recep\u00e7\u00e3o e Cuidados ao Rec\u00e9m-nascido na sala de parto. A palestra ocorreu na Funda\u00e7\u00e3o de Ensino e Pesquisa em Ci\u00eancias de Sa\u00fade (Fepecs) e visa refor\u00e7ar os conhecimentos dos profissionais no atendimento aos beb\u00eas conforme preconiza a Nota T\u00e9cnica sobre Assist\u00eancia do Enfermeiro ao Rec\u00e9m-Nascido.<\/p>\n<p>Os 15 profissionais participantes receberam orienta\u00e7\u00f5es sobre a organiza\u00e7\u00e3o do cuidado e recep\u00e7\u00e3o do rec\u00e9m-nascido, exames f\u00edsicos e reanima\u00e7\u00e3o neonatal. \u201cO curso nos deixa preparados para situa\u00e7\u00f5es de emerg\u00eancia para que possamos atuar dando o melhor suporte, um refor\u00e7o no servi\u00e7o\u201d, apontou a enfermeira obstetra Eryka Alves Rodrigues, que participou da aula pr\u00e1tica com exerc\u00edcios de reanima\u00e7\u00e3o.<\/p>\n<p>A Refer\u00eancia T\u00e9cnica Distrital (RTD) em enfermagem obst\u00e9trica e instrutora de um dos m\u00f3dulos, Raquel Di\u00f3genes, destacou a import\u00e2ncia da a\u00e7\u00e3o. \u201cA nota t\u00e9cnica traz, por exemplo, quais s\u00e3o os beb\u00eas que o enfermeiro assistencial ou obstetra poder\u00e1 atender. \u00c9 um curso para refor\u00e7ar e aprimorar as condutas dos profissionais, que ter\u00e3o ainda mais seguran\u00e7a e habilidade na atua\u00e7\u00e3o di\u00e1ria. As vagas para o treinamento foram disponibilizadas para todas as regionais e esperamos que, com as capacita\u00e7\u00f5es, os profissionais se qualifiquem ainda mais para essa assist\u00eancia\u201d, explicou, ressaltando que no m\u00eas de mar\u00e7o haver\u00e1 uma nova edi\u00e7\u00e3o do curso.<\/p>\n<p><strong>Cuidado essencial<\/strong><br \/>\nOs enfermeiros desempenham um papel essencial na assist\u00eancia ao rec\u00e9m-nascido de baixo risco, sendo respons\u00e1veis por acolher o beb\u00ea logo ap\u00f3s o parto, coloc\u00e1-lo no contato pele a pele, avaliar a vitalidade e identificar precocemente qualquer sinal de alerta. Dessa forma, a capacita\u00e7\u00e3o cont\u00ednua desses profissionais \u00e9 imprescind\u00edvel para garantir uma assist\u00eancia qualificada e segura.<\/p>\n<p>No Distrito Federal, os enfermeiros obstetras realizaram, em 2024, 6.196 partos, de acordo com o Sistema de Informa\u00e7\u00e3o sobre Nascidos Vivos (Sinasc). Para a gerente de Servi\u00e7os de Enfermagem Obst\u00e9trica e Neonatal da SES-DF, Gabrielle Medeiros, a assist\u00eancia dos profissionais \u00e9 fundamental para garantir um in\u00edcio de vida seguro, humano e saud\u00e1vel.<\/p>\n<p>\u201cO nascimento requer uma equipe qualificada para intervir de forma eficiente e humanizada. O curso contempla a parte te\u00f3rica e pr\u00e1tica sobre reanima\u00e7\u00e3o neonatal, identifica\u00e7\u00e3o de complica\u00e7\u00f5es, monitoramento dos sinais vitais e incentivo ao contato pele a pele, al\u00e9m do suporte \u00e0 amamenta\u00e7\u00e3o. Al\u00e9m disso, \u00e9 fundamental que esses profissionais estejam atualizados quanto aos protocolos assistenciais e diretrizes de seguran\u00e7a estabelecidos pelo Minist\u00e9rio da Sa\u00fade e organiza\u00e7\u00f5es internacionais\u201d, acrescentou.<\/p>\n<p>Para que os enfermeiros obstetras possam recepcionar os rec\u00e9m-nascidos adotam-se crit\u00e9rios como gesta\u00e7\u00e3o \u00fanica; idade gestacional entre 37 e 41 semanas e 6 dias, al\u00e9m de pr\u00e9-natal com exames sem altera\u00e7\u00f5es.<\/p>\n","protected":false},"excerpt":{"rendered":"<p>Enfermeiros generalistas e obstetras que atuam nos centros obst\u00e9tricos da Secretaria de Sa\u00fade do Distrito Federal participaram, nesta quarta-feira (19), da quarta edi\u00e7\u00e3o do Curso de Recep\u00e7\u00e3o e Cuidados ao Rec\u00e9m-nascido na sala de parto. A palestra ocorreu na Funda\u00e7\u00e3o de Ensino e Pesquisa em Ci\u00eancias de Sa\u00fade (Fepecs) e visa refor\u00e7ar os conhecimentos dos [&hellip;]<\/p>\n","protected":false},"author":2,"featured_media":348434,"comment_status":"closed","ping_status":"closed","sticky":false,"template":"","format":"standard","meta":{"_acf_changed":false,"footnotes":""},"categories":[161],"tags":[],"class_list":["post-348433","post","type-post","status-publish","format-standard","has-post-thumbnail","hentry","category-quadradinho-em-foco"],"acf":[],"_links":{"self":[{"href":"https:\/\/www.notibras.com\/site\/wp-json\/wp\/v2\/posts\/348433","targetHints":{"allow":["GET"]}}],"collection":[{"href":"https:\/\/www.notibras.com\/site\/wp-json\/wp\/v2\/posts"}],"about":[{"href":"https:\/\/www.notibras.com\/site\/wp-json\/wp\/v2\/types\/post"}],"author":[{"embeddable":true,"href":"https:\/\/www.notibras.com\/site\/wp-json\/wp\/v2\/users\/2"}],"replies":[{"embeddable":true,"href":"https:\/\/www.notibras.com\/site\/wp-json\/wp\/v2\/comments?post=348433"}],"version-history":[{"count":1,"href":"https:\/\/www.notibras.com\/site\/wp-json\/wp\/v2\/posts\/348433\/revisions"}],"predecessor-version":[{"id":348435,"href":"https:\/\/www.notibras.com\/site\/wp-json\/wp\/v2\/posts\/348433\/revisions\/348435"}],"wp:featuredmedia":[{"embeddable":true,"href":"https:\/\/www.notibras.com\/site\/wp-json\/wp\/v2\/media\/348434"}],"wp:attachment":[{"href":"https:\/\/www.notibras.com\/site\/wp-json\/wp\/v2\/media?parent=348433"}],"wp:term":[{"taxonomy":"category","embeddable":true,"href":"https:\/\/www.notibras.com\/site\/wp-json\/wp\/v2\/categories?post=348433"},{"taxonomy":"post_tag","embeddable":true,"href":"https:\/\/www.notibras.com\/site\/wp-json\/wp\/v2\/tags?post=348433"}],"curies":[{"name":"wp","href":"https:\/\/api.w.org\/{rel}","templated":true}]}}