{"id":348436,"date":"2025-02-20T00:00:57","date_gmt":"2025-02-20T03:00:57","guid":{"rendered":"https:\/\/www.notibras.com\/site\/?p=348436"},"modified":"2025-02-20T08:29:39","modified_gmt":"2025-02-20T11:29:39","slug":"especialista-alerta-sobre-os-riscos-do-consumo-de-drogas-e-alcool","status":"publish","type":"post","link":"https:\/\/www.notibras.com\/site\/especialista-alerta-sobre-os-riscos-do-consumo-de-drogas-e-alcool\/","title":{"rendered":"Especialista alerta sobre os riscos do consumo de drogas e \u00e1lcool"},"content":{"rendered":"<p>Neste 20 de fevereiro, o Brasil celebra o Dia Nacional de Combate \u00e0s Drogas e ao Alcoolismo, uma data crucial para conscientizar a popula\u00e7\u00e3o sobre os perigos associados ao uso de subst\u00e2ncias psicoativas. A psiquiatra do Instituto de Gest\u00e3o Estrat\u00e9gica de Sa\u00fade do Distrito Federal (IgesDF) J\u00e9ssica Jacomelli enfatiza a necessidade de preven\u00e7\u00e3o e alerta para os riscos do consumo de \u00e1lcool e drogas.<\/p>\n<p>\u201cO consumo de \u00e1lcool pode ser classificado em tr\u00eas padr\u00f5es principais: uso recreativo, onde h\u00e1 controle total e n\u00e3o h\u00e1 amea\u00e7as; uso nocivo, quando o indiv\u00edduo come\u00e7a a perder o controle e enfrentar problemas relacionados ao \u00e1lcool, como os famosos \u2018apag\u00f5es\u2019; e a depend\u00eancia, caracterizada pelo consumo maior do que o desejado, dificuldade em parar, problemas decorrentes do uso e neglig\u00eancia com a sa\u00fade, responsabilidades dom\u00e9sticas ou profissionais\u201d, explica a psiquiatra.<\/p>\n<p>Ela destaca que o excessivo consumo de \u00e1lcool pode levar a doen\u00e7as como c\u00e2ncer, depress\u00e3o, arritmia e hipertens\u00e3o. \u201cSe voc\u00ea concordar com alguns desses comportamentos como descontrole, apag\u00f5es, entre outros sintomas em si ou em algu\u00e9m pr\u00f3ximo, \u00e9 fundamental procurar ajuda m\u00e9dica\u201d, orienta.<\/p>\n<p>J\u00e9ssica tamb\u00e9m ressalta a import\u00e2ncia dos Centros de Aten\u00e7\u00e3o Psicossocial (CAPS) no tratamento da depend\u00eancia qu\u00edmica. \u201cNa rede p\u00fablica de sa\u00fade, contamos com os CAPS, que oferecem apoio psicossocial aos dependentes qu\u00edmicos\u201d, afirma.<\/p>\n<p>Dados da Organiza\u00e7\u00e3o Mundial da Sa\u00fade (OMS) indicam que 12 milh\u00f5es de pessoas no Brasil s\u00e3o dependentes qu\u00edmicas, representando cerca de 6% da popula\u00e7\u00e3o. O consumo abusivo de \u00e1lcool, por exemplo, \u00e9 identificado quando uma pessoa ingere quatro latas de cerveja ou quatro doses de destilado em uma \u00fanica ocasi\u00e3o, pelo menos uma vez no \u00faltimo m\u00eas. \u201cEsse padr\u00e3o de consumo j\u00e1 representa um risco elevado \u00e0 sa\u00fade e pode evoluir para o alcoolismo ao longo do tempo\u201d, alerta a especialista.<\/p>\n<p>No Dia Nacional de Combate \u00e0s Drogas e ao Alcoolismo, a mensagem central \u00e9 clara: preven\u00e7\u00e3o e informa\u00e7\u00e3o s\u00e3o as principais armas contra esse grave problema de sa\u00fade p\u00fablica. Se voc\u00ea ou algu\u00e9m enfrentar dificuldades com o uso de \u00e1lcool ou drogas, procure ajuda. O tratamento pode fazer uma diferen\u00e7a.<\/p>\n","protected":false},"excerpt":{"rendered":"<p>Neste 20 de fevereiro, o Brasil celebra o Dia Nacional de Combate \u00e0s Drogas e ao Alcoolismo, uma data crucial para conscientizar a popula\u00e7\u00e3o sobre os perigos associados ao uso de subst\u00e2ncias psicoativas. A psiquiatra do Instituto de Gest\u00e3o Estrat\u00e9gica de Sa\u00fade do Distrito Federal (IgesDF) J\u00e9ssica Jacomelli enfatiza a necessidade de preven\u00e7\u00e3o e alerta [&hellip;]<\/p>\n","protected":false},"author":2,"featured_media":198297,"comment_status":"closed","ping_status":"closed","sticky":false,"template":"","format":"standard","meta":{"_acf_changed":false,"footnotes":""},"categories":[161],"tags":[],"class_list":["post-348436","post","type-post","status-publish","format-standard","has-post-thumbnail","hentry","category-quadradinho-em-foco"],"acf":[],"_links":{"self":[{"href":"https:\/\/www.notibras.com\/site\/wp-json\/wp\/v2\/posts\/348436","targetHints":{"allow":["GET"]}}],"collection":[{"href":"https:\/\/www.notibras.com\/site\/wp-json\/wp\/v2\/posts"}],"about":[{"href":"https:\/\/www.notibras.com\/site\/wp-json\/wp\/v2\/types\/post"}],"author":[{"embeddable":true,"href":"https:\/\/www.notibras.com\/site\/wp-json\/wp\/v2\/users\/2"}],"replies":[{"embeddable":true,"href":"https:\/\/www.notibras.com\/site\/wp-json\/wp\/v2\/comments?post=348436"}],"version-history":[{"count":1,"href":"https:\/\/www.notibras.com\/site\/wp-json\/wp\/v2\/posts\/348436\/revisions"}],"predecessor-version":[{"id":348437,"href":"https:\/\/www.notibras.com\/site\/wp-json\/wp\/v2\/posts\/348436\/revisions\/348437"}],"wp:featuredmedia":[{"embeddable":true,"href":"https:\/\/www.notibras.com\/site\/wp-json\/wp\/v2\/media\/198297"}],"wp:attachment":[{"href":"https:\/\/www.notibras.com\/site\/wp-json\/wp\/v2\/media?parent=348436"}],"wp:term":[{"taxonomy":"category","embeddable":true,"href":"https:\/\/www.notibras.com\/site\/wp-json\/wp\/v2\/categories?post=348436"},{"taxonomy":"post_tag","embeddable":true,"href":"https:\/\/www.notibras.com\/site\/wp-json\/wp\/v2\/tags?post=348436"}],"curies":[{"name":"wp","href":"https:\/\/api.w.org\/{rel}","templated":true}]}}