{"id":348438,"date":"2025-02-20T00:00:25","date_gmt":"2025-02-20T03:00:25","guid":{"rendered":"https:\/\/www.notibras.com\/site\/?p=348438"},"modified":"2025-02-20T08:36:07","modified_gmt":"2025-02-20T11:36:07","slug":"expansao-do-metro-em-samambaia-ganhara-duas-novas-estacoes","status":"publish","type":"post","link":"https:\/\/www.notibras.com\/site\/expansao-do-metro-em-samambaia-ganhara-duas-novas-estacoes\/","title":{"rendered":"Expans\u00e3o do metr\u00f4 em Samambaia ganhar\u00e1 duas novas esta\u00e7\u00f5es"},"content":{"rendered":"<p>O Governo do Distrito Federal (GDF) lan\u00e7ou, nesta quarta-feira (19), a ordem de servi\u00e7o para o in\u00edcio das obras da expans\u00e3o da linha de Samambaia da Companhia do Metropolitano do Distrito Federal (Metr\u00f4-DF). A extens\u00e3o vai conectar a regi\u00e3o administrativa a outras \u00e1reas do DF e levar at\u00e9 15 mil passageiros a mais ao sistema. O investimento \u00e9 de R$ 319.751.557,44, provenientes de recursos do GDF e do Banco Nacional de Desenvolvimento Econ\u00f4mico e Social (BNDES).<\/p>\n<p>O documento foi assinado pela vice-governadora Celina Le\u00e3o, que representou o governador Ibaneis Rocha em solenidade no audit\u00f3rio do Metr\u00f4-DF, em \u00c1guas Claras.<\/p>\n<p><strong>Linha 1 de Samambaia<\/strong><br \/>\n\u201c\u00c9 mais uma conquista muito importante para a popula\u00e7\u00e3o, aguardada h\u00e1 anos\u201d, declarou Celina. \u201cN\u00f3s vamos atender mais de 12 mil pessoas com essa amplia\u00e7\u00e3o do Metr\u00f4. A obra come\u00e7a j\u00e1 de forma imediata na esta\u00e7\u00e3o do Parque Gatum\u00e9, onde vamos come\u00e7ar a drenagem para que se inicie o mais rapidamente e possamos entregar esse benef\u00edcio \u00e0 popula\u00e7\u00e3o de Samambaia. O transporte p\u00fablico \u00e9 uma prioridade para o nosso governo.\u201d<\/p>\n<p><strong>Expans\u00e3o<\/strong><br \/>\nSer\u00e3o 3,6 quil\u00f4metros a mais de via, a partir da esta\u00e7\u00e3o Samambaia at\u00e9 o subcentro oeste do bairro, pr\u00f3ximo \u00e0 1\u00aa Avenida Sul, que conecta Samambaia Norte a Samambaia Sul. Ao longo do trajeto, duas novas esta\u00e7\u00f5es ser\u00e3o constru\u00eddas, cada uma com 7 mil metros quadrados.<\/p>\n<p>As esta\u00e7\u00f5es n\u00ba 35, na QR 111, e n\u00ba 36, na QR 117, ficar\u00e3o nas proximidades de equipamentos p\u00fablicos, como a Unidade de Pronto Atendimento (UPA), o Centro Ol\u00edmpico e o Centro de Aten\u00e7\u00e3o Integrada \u00e0 Crian\u00e7a (Caic) Ayrton Senna. Com a expans\u00e3o, a 36 passar\u00e1 a ser a esta\u00e7\u00e3o final do trecho de Samambaia.<\/p>\n<p>A obra contempla ainda a constru\u00e7\u00e3o de tr\u00eas viadutos, com passagens integradas para pedestres, e de quatro passarelas a\u00e9reas, localizadas nos principais pontos de circula\u00e7\u00e3o. Tamb\u00e9m haver\u00e1 projetos executivos, escava\u00e7\u00e3o, remanejamento de interfer\u00eancias, novas redes de drenagem, execu\u00e7\u00e3o de pavimenta\u00e7\u00e3o, constru\u00e7\u00e3o de esta\u00e7\u00f5es, via permanente semienterrada, emiss\u00e1rio e a implanta\u00e7\u00e3o dos sistemas de energia, telecomunica\u00e7\u00f5es e mec\u00e2nicos.<\/p>\n<p>O cons\u00f3rcio CG \u2013 JFJ, formado pelas empresas CG Constru\u00e7\u00f5es LTDA e JFJ Tecnologia em Instala\u00e7\u00f5es El\u00e9tricas, foi o vencedor da licita\u00e7\u00e3o para as obras de expans\u00e3o da linha 1 no trecho Samambaia, que faz parte do projeto de expans\u00e3o do Sistema Metrovi\u00e1rio de Bras\u00edlia, previsto pela lei n\u00ba 4.566 de 4 de maio de 2011, conforme estabelecido no Plano Diretor de Transporte Urbano do Distrito Federal (PDTU-DF).<\/p>\n<p><strong>Investimento no sistema<\/strong><br \/>\nJunto \u00e0 expans\u00e3o, o diretor-presidente do Metr\u00f4-DF, Handerson Cabral, adiantou que a empresa est\u00e1 em processo para a aquisi\u00e7\u00e3o de 15 novos trens para atender as novas linhas de Samambaia e Ceil\u00e2ndia. \u201cN\u00f3s estamos com o projeto aprovado j\u00e1 no Minist\u00e9rio das Cidades e agora buscando duas alternativas, uma que seria um financeiro via BNDES e uma complementar atrav\u00e9s de outras fontes, inclusive internacionais\u201d, especificou. \u201cDevemos agora em meados de abril fazer o primeiro evento do processo de compra desses trens\u201d.<\/p>\n<p>A extens\u00e3o da linha de Ceil\u00e2ndia est\u00e1 no processo final de revis\u00e3o, junto ao Tribunal de Contas do Distrito Federal (TCDF), para a republica\u00e7\u00e3o do edital de licita\u00e7\u00e3o. Ser\u00e3o 2,3 quil\u00f4metros, com duas novas esta\u00e7\u00f5es, que v\u00e3o cruzar Ceil\u00e2ndia at\u00e9 pr\u00f3ximo \u00e0 BR-070, na sa\u00edda para \u00c1guas Lindas. As esta\u00e7\u00f5es ser\u00e3o constru\u00eddas entre as QNOs 5 e 13 e entre as QNOs 7 e 15. Projeta-se o acr\u00e9scimo de 22 mil passageiros por dia. Ser\u00e3o erguidas ainda duas subesta\u00e7\u00f5es retificadoras de energia.<\/p>\n<p>Com as obras prontas e a complementa\u00e7\u00e3o da frota, o Metr\u00f4-DF vai passar dos atuais 180 mil passageiros por dia para 420 mil. Atualmente, a rede tem 42,38 km e liga a regi\u00e3o administrativa de Bras\u00edlia \u00e0s de Ceil\u00e2ndia e Samambaia, passando pela Asa Sul, Setor Policial Sul, Estrada Parque Ind\u00fastria e Abastecimento (Epia), Guar\u00e1, Park Way, \u00c1guas Claras e Taguatinga. Transporta, em m\u00e9dia, 180 mil usu\u00e1rios por dia.<\/p>\n<p>Tamb\u00e9m j\u00e1 foi aberta a licita\u00e7\u00e3o com vistas \u00e0 contrata\u00e7\u00e3o de servi\u00e7os especializados para a elabora\u00e7\u00e3o de estudos de viabilidade de implanta\u00e7\u00e3o da Linha 2, que ligaria as regi\u00f5es administrativas do Gama, Santa Maria, Riacho Fundo, Recanto das Emas, N\u00facleo Bandeirante, Candangol\u00e2ndia e Cruzeiro \u00e0 Rodovi\u00e1ria do Plano Piloto e Esplanada dos Minist\u00e9rios. O recebimento das propostas vai at\u00e9 o dia 25 deste m\u00eas. Ap\u00f3s o processo de licita\u00e7\u00e3o e a assinatura do contrato, a empresa vencedora ter\u00e1 13 meses para apresentar os resultados dos estudos.<\/p>\n<p><strong>Mobilidade e economia<\/strong><br \/>\nO secret\u00e1rio de Transporte e Mobilidade, Zeno Gon\u00e7alves, ressaltou a import\u00e2ncia da expans\u00e3o para o transporte p\u00fablico do DF: \u201cA expans\u00e3o de linhas junto \u00e0 aquisi\u00e7\u00e3o de novos trens \u00e9 o que vai diminuir cada vez mais os eixos de deslocamento e oferecer o dobro da capacidade de transporte di\u00e1rio. Isso \u00e9 fundamental para o nosso sistema\u201d.<\/p>\n<p>De acordo com o titular da pasta, a amplia\u00e7\u00e3o da opera\u00e7\u00e3o do metr\u00f4 vai ocorrer paralelamente \u00e0 atua\u00e7\u00e3o da Semob-DF devido \u00e0 integra\u00e7\u00e3o do sistema. \u201cN\u00f3s vamos ter que fazer um refor\u00e7o da frota para permitir essa integra\u00e7\u00e3o, porque a ideia \u00e9 que o transporte p\u00fablico atue na alimenta\u00e7\u00e3o do sistema do Metr\u00f4\u201d, acrescentou.<\/p>\n<p>Ao ampliar a rede ferrovi\u00e1ria, a obra vai melhorar o acesso \u00e0 cidade e auxiliar o desenvolvimento socioecon\u00f4mico de Samambaia. \u201cSamambaia hoje \u00e9 uma cidade com quase 300 mil habitantes e merece essa extens\u00e3o do metr\u00f4\u201d, lembrou o administrador da cidade, Marcos Leite. \u201cEssas duas novas esta\u00e7\u00f5es v\u00e3o trazer qualidade de vida para a popula\u00e7\u00e3o\u201d.<\/p>\n<p><strong>Transporte gratuito<\/strong><br \/>\nDurante a solenidade, a vice-governadora Celina Le\u00e3o frisou que o Distrito Federal est\u00e1, paralelamente, dando outro passo no desenvolvimento do transporte p\u00fablico com a ado\u00e7\u00e3o da gratuidade no Carnaval em fase de testes e aos domingos e feriados a partir de 1\u00b0 de mar\u00e7o.<\/p>\n<p>\u201cN\u00f3s j\u00e1 sabemos o n\u00famero de passageiros que embarcam num dia normal\u201d, afirmou. \u201cN\u00f3s vamos sentir se isso vai acontecer no Carnaval, se teremos um p\u00fablico maior ou menor, e vamos medir para avaliar o impacto. N\u00f3s queremos ter uma tarifa acess\u00edvel, e estamos estudando a gratuidade sem perder a qualidades.\u201d<\/p>\n<p>O secret\u00e1rio Zeno Gon\u00e7alves explicou que a pasta e o Metr\u00f4-DF estudam a implanta\u00e7\u00e3o desse sistema. No caso dos \u00f4nibus, a expectativa \u00e9 que haja um refor\u00e7o da frota. \u201cEstudamos como o transporte se comportou nos \u00faltimos anos nos carnavais\u201d, pontuou. \u201cEstamos preparados para atender essa oferta com acr\u00e9scimo de at\u00e9 35%. Tamb\u00e9m estamos preparados para alterar as linhas, porque o eixo de deslocamento muda. O metr\u00f4 est\u00e1 preparando seu plano operacional\u201d.<\/p>\n","protected":false},"excerpt":{"rendered":"<p>O Governo do Distrito Federal (GDF) lan\u00e7ou, nesta quarta-feira (19), a ordem de servi\u00e7o para o in\u00edcio das obras da expans\u00e3o da linha de Samambaia da Companhia do Metropolitano do Distrito Federal (Metr\u00f4-DF). A extens\u00e3o vai conectar a regi\u00e3o administrativa a outras \u00e1reas do DF e levar at\u00e9 15 mil passageiros a mais ao sistema. [&hellip;]<\/p>\n","protected":false},"author":2,"featured_media":348439,"comment_status":"closed","ping_status":"closed","sticky":false,"template":"","format":"standard","meta":{"_acf_changed":false,"footnotes":""},"categories":[161],"tags":[],"class_list":["post-348438","post","type-post","status-publish","format-standard","has-post-thumbnail","hentry","category-quadradinho-em-foco"],"acf":[],"_links":{"self":[{"href":"https:\/\/www.notibras.com\/site\/wp-json\/wp\/v2\/posts\/348438","targetHints":{"allow":["GET"]}}],"collection":[{"href":"https:\/\/www.notibras.com\/site\/wp-json\/wp\/v2\/posts"}],"about":[{"href":"https:\/\/www.notibras.com\/site\/wp-json\/wp\/v2\/types\/post"}],"author":[{"embeddable":true,"href":"https:\/\/www.notibras.com\/site\/wp-json\/wp\/v2\/users\/2"}],"replies":[{"embeddable":true,"href":"https:\/\/www.notibras.com\/site\/wp-json\/wp\/v2\/comments?post=348438"}],"version-history":[{"count":1,"href":"https:\/\/www.notibras.com\/site\/wp-json\/wp\/v2\/posts\/348438\/revisions"}],"predecessor-version":[{"id":348440,"href":"https:\/\/www.notibras.com\/site\/wp-json\/wp\/v2\/posts\/348438\/revisions\/348440"}],"wp:featuredmedia":[{"embeddable":true,"href":"https:\/\/www.notibras.com\/site\/wp-json\/wp\/v2\/media\/348439"}],"wp:attachment":[{"href":"https:\/\/www.notibras.com\/site\/wp-json\/wp\/v2\/media?parent=348438"}],"wp:term":[{"taxonomy":"category","embeddable":true,"href":"https:\/\/www.notibras.com\/site\/wp-json\/wp\/v2\/categories?post=348438"},{"taxonomy":"post_tag","embeddable":true,"href":"https:\/\/www.notibras.com\/site\/wp-json\/wp\/v2\/tags?post=348438"}],"curies":[{"name":"wp","href":"https:\/\/api.w.org\/{rel}","templated":true}]}}