{"id":348467,"date":"2025-02-20T11:32:08","date_gmt":"2025-02-20T14:32:08","guid":{"rendered":"https:\/\/www.notibras.com\/site\/?p=348467"},"modified":"2025-02-20T11:32:08","modified_gmt":"2025-02-20T14:32:08","slug":"bloco-do-pretinho-estreia-na-folia-da-capital-combatendo-o-racismo","status":"publish","type":"post","link":"https:\/\/www.notibras.com\/site\/bloco-do-pretinho-estreia-na-folia-da-capital-combatendo-o-racismo\/","title":{"rendered":"Bloco do Pretinho estreia na folia da Capital combatendo o racismo"},"content":{"rendered":"<p>Estreando no Carnaval de Bras\u00edlia, o \u201cBloco do Pretinho\u201d cai na folia pela primeira vez neste s\u00e1bado, 22, no Varj\u00e3o, a partir das 17h.<\/p>\n<p>Com as atra\u00e7\u00f5es DJ Jeff, a banda de olodum Instituto Ra\u00edzes, Nando Boy \u201cO Rei do Piseiro\u201d, DJ Marcos e MC Andrezynho, o bloco promete animar o Espa\u00e7o de M\u00faltiplas Fun\u00e7\u00f5es Rafael Greg\u00f3rio, que fica na entrada do Varj\u00e3o, at\u00e9 de madrugada.<\/p>\n<p>Com o lema &#8220;Racismo e Preconceito n\u00e3o \u00e9 Opini\u00e3o, \u00e9 Crime&#8221;, o idealizador Sanderson Brito quer juntar a alegria do Carnaval com a luta contra o racismo.<\/p>\n","protected":false},"excerpt":{"rendered":"<p>Estreando no Carnaval de Bras\u00edlia, o \u201cBloco do Pretinho\u201d cai na folia pela primeira vez neste s\u00e1bado, 22, no Varj\u00e3o, a partir das 17h. Com as atra\u00e7\u00f5es DJ Jeff, a banda de olodum Instituto Ra\u00edzes, Nando Boy \u201cO Rei do Piseiro\u201d, DJ Marcos e MC Andrezynho, o bloco promete animar o Espa\u00e7o de M\u00faltiplas Fun\u00e7\u00f5es [&hellip;]<\/p>\n","protected":false},"author":2,"featured_media":348468,"comment_status":"closed","ping_status":"closed","sticky":false,"template":"","format":"standard","meta":{"_acf_changed":false,"footnotes":""},"categories":[161],"tags":[],"class_list":["post-348467","post","type-post","status-publish","format-standard","has-post-thumbnail","hentry","category-quadradinho-em-foco"],"acf":[],"_links":{"self":[{"href":"https:\/\/www.notibras.com\/site\/wp-json\/wp\/v2\/posts\/348467","targetHints":{"allow":["GET"]}}],"collection":[{"href":"https:\/\/www.notibras.com\/site\/wp-json\/wp\/v2\/posts"}],"about":[{"href":"https:\/\/www.notibras.com\/site\/wp-json\/wp\/v2\/types\/post"}],"author":[{"embeddable":true,"href":"https:\/\/www.notibras.com\/site\/wp-json\/wp\/v2\/users\/2"}],"replies":[{"embeddable":true,"href":"https:\/\/www.notibras.com\/site\/wp-json\/wp\/v2\/comments?post=348467"}],"version-history":[{"count":1,"href":"https:\/\/www.notibras.com\/site\/wp-json\/wp\/v2\/posts\/348467\/revisions"}],"predecessor-version":[{"id":348469,"href":"https:\/\/www.notibras.com\/site\/wp-json\/wp\/v2\/posts\/348467\/revisions\/348469"}],"wp:featuredmedia":[{"embeddable":true,"href":"https:\/\/www.notibras.com\/site\/wp-json\/wp\/v2\/media\/348468"}],"wp:attachment":[{"href":"https:\/\/www.notibras.com\/site\/wp-json\/wp\/v2\/media?parent=348467"}],"wp:term":[{"taxonomy":"category","embeddable":true,"href":"https:\/\/www.notibras.com\/site\/wp-json\/wp\/v2\/categories?post=348467"},{"taxonomy":"post_tag","embeddable":true,"href":"https:\/\/www.notibras.com\/site\/wp-json\/wp\/v2\/tags?post=348467"}],"curies":[{"name":"wp","href":"https:\/\/api.w.org\/{rel}","templated":true}]}}