{"id":348470,"date":"2025-02-21T06:22:57","date_gmt":"2025-02-21T09:22:57","guid":{"rendered":"https:\/\/www.notibras.com\/site\/?p=348470"},"modified":"2025-02-21T06:24:28","modified_gmt":"2025-02-21T09:24:28","slug":"rico-em-sol-e-vento-nordeste-fica-impedido-de-produzir-energia-barata","status":"publish","type":"post","link":"https:\/\/www.notibras.com\/site\/rico-em-sol-e-vento-nordeste-fica-impedido-de-produzir-energia-barata\/","title":{"rendered":"Rico em sol e vento, Nordeste fica impedido de produzir energia barata"},"content":{"rendered":"<p>O Nordeste, regi\u00e3o rica em recursos naturais como sol e vento, enfrenta restri\u00e7\u00f5es na produ\u00e7\u00e3o de energia renov\u00e1vel. O aumento da demanda por eletricidade, impulsionado pelo calor e pelo uso intensivo de ar-condicionado, poderia ser suprido por fontes limpas e acess\u00edveis. No entanto, a Ag\u00eancia Nacional de Energia El\u00e9trica (Aneel) e o Operador Nacional do Sistema (ONS) impuseram limita\u00e7\u00f5es \u00e0 gera\u00e7\u00e3o de energia solar e e\u00f3lica, alegando riscos ao equil\u00edbrio do sistema el\u00e9trico.<\/p>\n<p>As restri\u00e7\u00f5es geraram perdas significativas para os produtores. As empresas de energia e\u00f3lica estimam preju\u00edzos de R$ 1,7 bilh\u00e3o, enquanto as produtoras de energia solar apontam perdas de R$ 673,5 milh\u00f5es. Em estados como o Rio Grande do Norte, alguns parques e\u00f3licos tiveram que reduzir em at\u00e9 60% sua capacidade de fornecimento.<\/p>\n<p>Diante desse cen\u00e1rio, as empresas buscam indeniza\u00e7\u00f5es e contam com o apoio de governadores para levar suas reivindica\u00e7\u00f5es ao governo federal. O presidente Luiz In\u00e1cio Lula da Silva determinou que a Casa Civil e o Minist\u00e9rio de Minas e Energia trabalhem para encontrar uma solu\u00e7\u00e3o. O ministro Alexandre Silveira anunciou a cria\u00e7\u00e3o de um grupo de trabalho com Aneel e ONS para dialogar com os geradores e os grandes consumidores de energia.<\/p>\n<p>As associa\u00e7\u00f5es empresariais alertam que o desequil\u00edbrio pode levar empresas \u00e0 fal\u00eancia e afetar bancos p\u00fablicos, como o Banco do Nordeste, que financiaram esses projetos. Por outro lado, os grandes consumidores se op\u00f5em ao pagamento de indeniza\u00e7\u00f5es e defendem incentivos ao consumo de energia renov\u00e1vel, como redu\u00e7\u00e3o de tarifas para ind\u00fastrias que utilizam eletricidade limpa em hor\u00e1rios de maior gera\u00e7\u00e3o.<\/p>\n<p>Uma das alternativas em an\u00e1lise \u00e9 aumentar a exporta\u00e7\u00e3o de energia para pa\u00edses vizinhos, como Argentina e Uruguai. Outra medida seria ajustar os pre\u00e7os da eletricidade para estimular o consumo nos per\u00edodos de maior oferta.<\/p>\n<p>O r\u00e1pido crescimento da gera\u00e7\u00e3o e\u00f3lica e solar, que hoje representa 22% da matriz energ\u00e9tica brasileira, superou a capacidade de escoamento do sistema. Em 2023, um apag\u00e3o no Cear\u00e1 revelou fragilidades na infraestrutura, levando Aneel e ONS a adotarem crit\u00e9rios mais r\u00edgidos para a transmiss\u00e3o da energia gerada no Nordeste. Como resultado, os cortes na gera\u00e7\u00e3o se intensificaram, especialmente entre junho e outubro, per\u00edodo de maior produ\u00e7\u00e3o e\u00f3lica.<\/p>\n<p>A quest\u00e3o chegou ao Superior Tribunal de Justi\u00e7a, que inicialmente decidiu a favor das empresas, mas depois suspendeu os pagamentos por meio de uma liminar. Enquanto isso, a Aneel elabora novas regras para definir crit\u00e9rios de cortes e indeniza\u00e7\u00f5es futuras.<\/p>\n<p>Al\u00e9m dos impactos financeiros, especialistas apontam que a decis\u00e3o de restringir a energia renov\u00e1vel em favor das termel\u00e9tricas resultou em custos adicionais aos consumidores. Segundo estudo da Absolar, a compra de energia t\u00e9rmica mais cara representou uma perda de economia de R$ 250 milh\u00f5es entre 2023 e 2024.<\/p>\n<p>No Congresso, h\u00e1 discuss\u00f5es sobre incentivos a fontes t\u00e9rmicas e \u00e0 gera\u00e7\u00e3o distribu\u00edda, o que pode aprofundar o desequil\u00edbrio no setor. Para os especialistas, o desafio est\u00e1 em equilibrar oferta e demanda sem penalizar consumidores e investidores, garantindo um crescimento sustent\u00e1vel da matriz energ\u00e9tica brasileira.<\/p>\n","protected":false},"excerpt":{"rendered":"<p>O Nordeste, regi\u00e3o rica em recursos naturais como sol e vento, enfrenta restri\u00e7\u00f5es na produ\u00e7\u00e3o de energia renov\u00e1vel. O aumento da demanda por eletricidade, impulsionado pelo calor e pelo uso intensivo de ar-condicionado, poderia ser suprido por fontes limpas e acess\u00edveis. No entanto, a Ag\u00eancia Nacional de Energia El\u00e9trica (Aneel) e o Operador Nacional do [&hellip;]<\/p>\n","protected":false},"author":2,"featured_media":348471,"comment_status":"closed","ping_status":"closed","sticky":false,"template":"","format":"standard","meta":{"_acf_changed":false,"footnotes":""},"categories":[165],"tags":[],"class_list":["post-348470","post","type-post","status-publish","format-standard","has-post-thumbnail","hentry","category-nordeste"],"acf":[],"_links":{"self":[{"href":"https:\/\/www.notibras.com\/site\/wp-json\/wp\/v2\/posts\/348470","targetHints":{"allow":["GET"]}}],"collection":[{"href":"https:\/\/www.notibras.com\/site\/wp-json\/wp\/v2\/posts"}],"about":[{"href":"https:\/\/www.notibras.com\/site\/wp-json\/wp\/v2\/types\/post"}],"author":[{"embeddable":true,"href":"https:\/\/www.notibras.com\/site\/wp-json\/wp\/v2\/users\/2"}],"replies":[{"embeddable":true,"href":"https:\/\/www.notibras.com\/site\/wp-json\/wp\/v2\/comments?post=348470"}],"version-history":[{"count":3,"href":"https:\/\/www.notibras.com\/site\/wp-json\/wp\/v2\/posts\/348470\/revisions"}],"predecessor-version":[{"id":348474,"href":"https:\/\/www.notibras.com\/site\/wp-json\/wp\/v2\/posts\/348470\/revisions\/348474"}],"wp:featuredmedia":[{"embeddable":true,"href":"https:\/\/www.notibras.com\/site\/wp-json\/wp\/v2\/media\/348471"}],"wp:attachment":[{"href":"https:\/\/www.notibras.com\/site\/wp-json\/wp\/v2\/media?parent=348470"}],"wp:term":[{"taxonomy":"category","embeddable":true,"href":"https:\/\/www.notibras.com\/site\/wp-json\/wp\/v2\/categories?post=348470"},{"taxonomy":"post_tag","embeddable":true,"href":"https:\/\/www.notibras.com\/site\/wp-json\/wp\/v2\/tags?post=348470"}],"curies":[{"name":"wp","href":"https:\/\/api.w.org\/{rel}","templated":true}]}}