{"id":348492,"date":"2025-02-21T07:18:57","date_gmt":"2025-02-21T10:18:57","guid":{"rendered":"https:\/\/www.notibras.com\/site\/?p=348492"},"modified":"2025-02-21T07:18:57","modified_gmt":"2025-02-21T10:18:57","slug":"despedida-de-corpo-e-marcada-por-presenca-de-louco-e-cantada-de-primo","status":"publish","type":"post","link":"https:\/\/www.notibras.com\/site\/despedida-de-corpo-e-marcada-por-presenca-de-louco-e-cantada-de-primo\/","title":{"rendered":"Despedida de corpo \u00e9 marcada por presen\u00e7a de louco e cantada de primo"},"content":{"rendered":"<p>Tia Brotinho, que n\u00e3o era pizza de verdade nem cocotinha de Copacabana ou Ipanema, mas adorava uma farra, teve uma vida sofrida e, por isso, precisou comer o p\u00e3o que o Diabo amassou. A despeito de tamanha pen\u00faria, fazia quest\u00e3o de manter a categoria e dizia para os filhos:<\/p>\n<p>\u2014 Se o Diabo amassou ou n\u00e3o, isso \u00e9 o de menos. O importante \u00e9 que temos p\u00e3o.<\/p>\n<p>Por falar na prole da tia Brotinho, dos cinco filhos, nenhum presta. E n\u00e3o digo isso por despeito, mas porque conhe\u00e7o todos desde o tempo em que \u00e9ramos mi\u00fados. Tanto \u00e9 que, mal a mulher morreu, os herdeiros correram para ver quem ficava com o cofre de barro em formato de porco, que titia guardava na cabeceira da cama.<\/p>\n<p>Mas deixemos de lado esses trastes, pois quero falar de algo mais interessante: o vel\u00f3rio. Ainda mais porque tia Brotinho, em seu \u00faltimo ato, n\u00e3o poderia passar despercebida. S\u00f3 que at\u00e9 eu, t\u00e3o acostumada com os causos da minha parenta, seria incapaz de imaginar algo t\u00e3o esdr\u00faxulo como o que aconteceu.<\/p>\n<p>L\u00e1 est\u00e1vamos todos comovidos com a repentina partida da minha tia, quando, sem avisar ou mesmo pedir licen\u00e7a, adentrou um doido na capela. O sujeito passou direto por todos e foi se agarrar ao caix\u00e3o.<\/p>\n<p>\u2014 ELZAAAAAA! Que saudade! Por que voc\u00ea fez isso comigo?<\/p>\n<p>Ficamos surpresos, ainda mais porque tia Brotinho se chamava Maria de F\u00e1tima. Al\u00e9m do mais, o caix\u00e3o n\u00e3o estava lacrado, o que permitia ter uma vis\u00e3o n\u00edtida do rosto da finada. Foi a\u00ed que me atentei sobre o fato de haver mais dois vel\u00f3rios nas capelas adjacentes.<\/p>\n<p>\u2014 Licen\u00e7a, creio que o senhor est\u00e1 enganado de vel\u00f3rio.<\/p>\n<p>O homem me encarou de modo que percebi seus olhos avermelhados, uma mistura de emo\u00e7\u00e3o e algumas doses de destilados, que eram generosamente exaladas pelas narinas e boca. Em seguida, ele voltou a se debru\u00e7ar sobre titia.<\/p>\n<p>\u2014 ELZAAAAAA!<\/p>\n<p>Sem mais ter o que dizer, tratei de me afastar. V\u00e1 que o cara fosse algum maluco. Por sorte, n\u00e3o demorou mais do que dois ou tr\u00eas minutos e, pasmem, foi-se embora da mesma forma que entrou.<\/p>\n<p>Jonas, um dos imprest\u00e1veis herdeiros da defunta, aproveitou o instante para se aproximar.<\/p>\n<p>\u2014 Que louco, n\u00e9, Ana Paula?<\/p>\n<p>Preferi responder apenas com um sinal positivo de cabe\u00e7a. N\u00e3o estava querendo papo com meu primo, ainda mais porque ele sempre encabe\u00e7ou a lista dos pilantras da fam\u00edlia. Ih, n\u00e3o adiantou! Pois fique voc\u00ea sabendo que o cretino, ainda por cima, se insinuou para mim.<\/p>\n<p>\u2014 Sabe, Ana Paula, andei pensando&#8230; Sabe, a gente \u00e9 primo, n\u00e9? Ent\u00e3o, voc\u00ea sabe, n\u00e9? Primos costumam sair de vez em quando. Dizem que sempre rola aquela atra\u00e7\u00e3o. Voc\u00ea sabe, n\u00e9?<\/p>\n<p>Devo ter feito cara de surpresa, boquiaberta que fiquei ao ouvir aquela proposta indecente justamente em momento de tanta dor. N\u00e3o disse palavra, o que, parece, foi entendido de forma equivocada pelo salafr\u00e1rio.<\/p>\n<p>\u2014 Ent\u00e3o, a gente se fala depois, prima.<\/p>\n<p>Tratei de voltar meus pensamentos para tia Brotinho. At\u00e9 me aproximei dela e mencionei bem perto do seu ouvido: &#8220;Titia, espero que voc\u00ea n\u00e3o tenha escutado isso.&#8221;<\/p>\n<p>Quando a noite tomou conta do lugar, eis que o doido reapareceu do nada. A mesma ladainha, o tipo foi fazer aquele teatro agarrado ao caix\u00e3o da tia Brotinho.<\/p>\n<p>\u2014 ELZAAAAAA! Por que voc\u00ea foi fazer isso comigo?<\/p>\n<p>Dessa vez, nem me dei ao trabalho de ir conversar com ele. Como titia sempre me disse, n\u00e3o adianta tentar convencer que o louco \u00e9 louco. Ent\u00e3o, preferi deix\u00e1-lo com sua loucura, mesmo porque tia Brotinho, espirituosa que sempre foi, certamente, estava se divertindo com aquele penetra sem-no\u00e7\u00e3o.<\/p>\n<p>O enterro se deu na manh\u00e3 seguinte. O rapaz fez quest\u00e3o de fazer um discurso para a tal Elza. Para evitar pendengas, ningu\u00e9m impediu o sujeito. Logo ap\u00f3s a \u00faltima p\u00e1 de cal, o enlutado foi embora sem se despedir.<\/p>\n<p>Curiosa que fiquei, fui conversar com os parentes dos outros defuntos. Para minha surpresa, n\u00e3o havia qualquer Elza entre os mortos. Para piorar a situa\u00e7\u00e3o, os falecidos eram do sexo masculino, sendo um velho e outro jovem de pouco mais de vinte anos.<\/p>\n<p>Os meses seguintes transcorreram rotineiramente. \u00c9 verdade que Jonas me chamou para sair duas ou tr\u00eas vezes, at\u00e9 que desistiu. O danado n\u00e3o vale o que pesa, apesar da apar\u00eancia agrad\u00e1vel. Mas tenho c\u00e1 meus princ\u00edpios, e tia Brotinho n\u00e3o merecia tamanha desfeita.<\/p>\n<p>Quanto ao maluco do vel\u00f3rio, pensei que jamais iria v\u00ea-lo at\u00e9 que, na semana passada, o encontrei de bra\u00e7os dados a uma velha, que andava com dificuldade, numa pra\u00e7a aqui na Asa Norte,. O homem a ajudou a se sentar ao meu lado, enquanto foi comprar um picol\u00e9 de um vendedor ambulante. Assim que retornou, ele fez quest\u00e3o de retirar o inv\u00f3lucro do picol\u00e9 e o entregou \u00e0 senhora.<\/p>\n<p>\u2014 Elza, cuidado pra n\u00e3o deixar cair. Quer que eu segure pra voc\u00ea?<\/p>\n<p>O homem retornou para pagar o vendedor. Enquanto isso, a mulher se virou para mim e sorriu. Retribu\u00ed com o meu melhor sorriso, enquanto ela pousou sua m\u00e3o sobre a minha.<\/p>\n<p>\u2014 Sabe, minha filha, o Augusto sempre foi assim comigo.<\/p>\n<p>\u2014 Augusto?<\/p>\n<p>\u2014 \u00c9. Augusto \u00e9 o meu neto mais pr\u00f3ximo.<\/p>\n<p>\u2014 Ah, ele \u00e9 seu neto?<\/p>\n<p>\u2014 Sim. E voc\u00ea acredita que, n\u00e3o faz muito tempo, ele pensou que eu havia morrido?<\/p>\n<p>Tentei fazer cara de surpresa. N\u00e3o sei se consegui convencer a minha mais nova amiga. Seja como for, ela me contou como se desenrolou o imbr\u00f3glio e, talvez um dia, eu escreva sobre o assunto.<\/p>\n<p>&#8230;&#8230;&#8230;&#8230;&#8230;&#8230;&#8230;&#8230;&#8230;<\/p>\n<p><strong>Eduardo Mart\u00ednez \u00e9 autor do livro 57 Contos e Cr\u00f4nicas por um Autor Muito Velho\u2019<\/strong><\/p>\n<p>Compre aqui\u00a0<span class=\"x19la9d6 x1fc57z9 x6ikm8r x10wlt62 x19co3pv x1g5zs5t xfibh0p xiy17q3 x1xsqp64 x1lkfr7t xexx8yu x4uap5 x18d9i69 xkhd6sd\"><span class=\"xrtxmta x1bhl96m\"><img decoding=\"async\" class=\"emoji\" role=\"img\" draggable=\"false\" src=\"https:\/\/s.w.org\/images\/core\/emoji\/15.0.3\/svg\/1f447-1f3ff.svg\" alt=\"&#x1f447;&#x1f3ff;\" \/><\/span><\/span><\/p>\n<p><a href=\"https:\/\/www.joanineditora.com.br\/57-contos-e-cronicas-por-um-autor-muito-velho\">https:\/\/www.joanineditora.com.br\/57-contos-e-cronicas-por-um-autor-muito-velho<\/a><\/p>\n","protected":false},"excerpt":{"rendered":"<p>Tia Brotinho, que n\u00e3o era pizza de verdade nem cocotinha de Copacabana ou Ipanema, mas adorava uma farra, teve uma vida sofrida e, por isso, precisou comer o p\u00e3o que o Diabo amassou. A despeito de tamanha pen\u00faria, fazia quest\u00e3o de manter a categoria e dizia para os filhos: \u2014 Se o Diabo amassou ou [&hellip;]<\/p>\n","protected":false},"author":2,"featured_media":348493,"comment_status":"closed","ping_status":"closed","sticky":false,"template":"","format":"standard","meta":{"_acf_changed":false,"footnotes":""},"categories":[161],"tags":[],"class_list":["post-348492","post","type-post","status-publish","format-standard","has-post-thumbnail","hentry","category-quadradinho-em-foco"],"acf":[],"_links":{"self":[{"href":"https:\/\/www.notibras.com\/site\/wp-json\/wp\/v2\/posts\/348492","targetHints":{"allow":["GET"]}}],"collection":[{"href":"https:\/\/www.notibras.com\/site\/wp-json\/wp\/v2\/posts"}],"about":[{"href":"https:\/\/www.notibras.com\/site\/wp-json\/wp\/v2\/types\/post"}],"author":[{"embeddable":true,"href":"https:\/\/www.notibras.com\/site\/wp-json\/wp\/v2\/users\/2"}],"replies":[{"embeddable":true,"href":"https:\/\/www.notibras.com\/site\/wp-json\/wp\/v2\/comments?post=348492"}],"version-history":[{"count":1,"href":"https:\/\/www.notibras.com\/site\/wp-json\/wp\/v2\/posts\/348492\/revisions"}],"predecessor-version":[{"id":348494,"href":"https:\/\/www.notibras.com\/site\/wp-json\/wp\/v2\/posts\/348492\/revisions\/348494"}],"wp:featuredmedia":[{"embeddable":true,"href":"https:\/\/www.notibras.com\/site\/wp-json\/wp\/v2\/media\/348493"}],"wp:attachment":[{"href":"https:\/\/www.notibras.com\/site\/wp-json\/wp\/v2\/media?parent=348492"}],"wp:term":[{"taxonomy":"category","embeddable":true,"href":"https:\/\/www.notibras.com\/site\/wp-json\/wp\/v2\/categories?post=348492"},{"taxonomy":"post_tag","embeddable":true,"href":"https:\/\/www.notibras.com\/site\/wp-json\/wp\/v2\/tags?post=348492"}],"curies":[{"name":"wp","href":"https:\/\/api.w.org\/{rel}","templated":true}]}}