{"id":348513,"date":"2025-02-21T05:31:36","date_gmt":"2025-02-21T08:31:36","guid":{"rendered":"https:\/\/www.notibras.com\/site\/?p=348513"},"modified":"2025-02-21T08:33:50","modified_gmt":"2025-02-21T11:33:50","slug":"pe-de-meia-sera-depositado-na-conta-de-alunos-a-partir-de-terca-feira","status":"publish","type":"post","link":"https:\/\/www.notibras.com\/site\/pe-de-meia-sera-depositado-na-conta-de-alunos-a-partir-de-terca-feira\/","title":{"rendered":"P\u00e9-de-Meia ser\u00e1 depositado na conta de alunos a partir de ter\u00e7a-feira"},"content":{"rendered":"<p>O Minist\u00e9rio da Educa\u00e7\u00e3o (MEC) pagar\u00e1, a partir de ter\u00e7a-feira (25), a parcela de R$ 1 mil do P\u00e9-de-Meia a estudantes que participam do programa e que conclu\u00edram um dos tr\u00eas anos do ensino m\u00e9dio regular em escola p\u00fablica em 2024. Os pagamentos dessa parcela de incentivo \u00e0 conclus\u00e3o do curso seguem at\u00e9 quinta-feira (27), de acordo com a s\u00e9rie dos estudantes.<\/p>\n<p>Adicionalmente, os alunos aprovados no terceiro ano em 2024, que participaram dos dois dias da \u00faltima edi\u00e7\u00e3o do Exame Nacional do Ensino M\u00e9dio (Enem), receber\u00e3o mais R$ 200.<\/p>\n<p>Os dep\u00f3sitos ser\u00e3o feitos ap\u00f3s o Tribunal de Contas da Uni\u00e3o (TCU) desbloquear, no dia 12, R$ 6 bilh\u00f5es para o pagamento das parcelas do programa, apelidado de Poupan\u00e7a do Ensino M\u00e9dio.<\/p>\n<p>O P\u00e9-de-Meia \u00e9 direcionado a estudantes matriculados no ensino m\u00e9dio em escolas p\u00fablicas, inscritos no Cadastro \u00danico para Programas Sociais do governo federal (Cad\u00danico). A poupan\u00e7a tem o objetivo de promover a perman\u00eancia dos alunos e a conclus\u00e3o dessa etapa de ensino.<\/p>\n<p>O ministro da Educa\u00e7\u00e3o, Camilo Santana, comentou, na rede social, a import\u00e2ncia da pol\u00edtica. \u201cNo programa P\u00e9- de- Meia voc\u00ea pode ganhar at\u00e9 R$ 9,2 mil como incentivo \u00e0 perman\u00eancia na escola. Esse \u00e9 o grande programa do governo para garantir a perman\u00eancia do nosso jovem na escola\u201d, declarou.<\/p>\n<p><strong>Dep\u00f3sitos e saques<\/strong><br \/>\nPara os estudantes que terminaram o terceiro ano em escola p\u00fablica no ano passado, ou seja, se formaram no ensino m\u00e9dio regular, os dep\u00f3sitos ser\u00e3o feitos na ter\u00e7a e quarta-feira (26), conforme a data de nascimento. No dia 25, recebem os nascidos em janeiro, fevereiro, mar\u00e7o, abril, maio e junho. Em 26 de fevereiro, recebem os aniversariantes de julho, agosto, setembro, outubro, novembro e dezembro.<\/p>\n<p>Os valores depositados (R$ 1 mil do incentivo-conclus\u00e3o e mais R$ 200 pela participa\u00e7\u00e3o no Enem 2024) poder\u00e3o ser sacados imediatamente.<\/p>\n<p>J\u00e1 os alunos do P\u00e9-de-Meia aprovados no primeiro ou segundo ano do ensino m\u00e9dio em 2024 ter\u00e3o R$ 1 mil depositados na modalidade poupan\u00e7a na quinta-feira (27), independentemente da data de nascimento. A quantia somente poder\u00e1 ser retirada ap\u00f3s conclu\u00edrem o ensino m\u00e9dio.<\/p>\n<p>O ministro da Educa\u00e7\u00e3o, Camilo Santana explicou o que acontece com quem passa de ano, mas ainda n\u00e3o concluiu o ensino m\u00e9dio. \u201cAos alunos que conclu\u00edram o primeiro ou o segundo ano do ensino m\u00e9dio, vamos depositar R$ 1 mil da poupan\u00e7a e esse dinheiro vai ficar l\u00e1 rendendo. \u00c9 bom lembrar, voc\u00ea s\u00f3 vai poder sacar ao final da conclus\u00e3o do ensino m\u00e9dio.<\/p>\n<p>Os recursos repassados \u00e0 Caixa Econ\u00f4mica Federal ser\u00e3o depositados nas contas que foram abertas automaticamente pela institui\u00e7\u00e3o em nome de todos os benefici\u00e1rios do P\u00e9-de-Meia que cumprem os crit\u00e9rios do programa.<\/p>\n<p>Caso o adolescente tenha menos de 18 anos, \u00e9\u202fnecess\u00e1rio que o respons\u00e1vel legal o autorize a movimentar a conta, sacar o\u202fdinheiro ou usar\u202fo aplicativo\u202fCaixa\u202fTem,\u202f A autoriza\u00e7\u00e3o pode ser\u202ffeita pelo aplicativo ou\u202fem uma ag\u00eancia da Caixa Econ\u00f4mica Federal. Se\u202fo\u202festudante\u202ftiver\u202f18 anos ou mais, a conta j\u00e1 estar\u00e1 desbloqueada\u202fpara uso do valor depositado.<\/p>\n<p><strong>Outras situa\u00e7\u00f5es<\/strong><br \/>\nO MEC avisa que os estudantes do ensino m\u00e9dio de escolas p\u00fablicas que ainda n\u00e3o terminaram o ano letivo de 2024 v\u00e3o receber o incentivo quando tiverem as aprova\u00e7\u00f5es informadas pelas redes de ensino estaduais.<\/p>\n<p>J\u00e1 os alunos que tiveram parcelas bloqueadas em 2024 tamb\u00e9m podem receber os valores nos pr\u00f3ximos meses, desde que cumpram os requisitos do programa, matr\u00edcula, frequ\u00eancia, aprova\u00e7\u00e3o nos anos letivos e participa\u00e7\u00e3o no Enem.<\/p>\n<p>Para saber se \u00e9 benefici\u00e1rio do Programa P\u00e9-de-Meia, o interessado pode consultar gratuitamente no aplicativo Jornada do Estudante, disponibilizado pelo MEC. O login \u00e9 feito na conta do aluno no portal \u00fanico de servi\u00e7os digitais do governo federal, o Gov.br, com o Cadastro de Pessoa F\u00edsica (CPF) e senha cadastrados. A conta pode ser n\u00edvel bronze de seguran\u00e7a.<\/p>\n","protected":false},"excerpt":{"rendered":"<p>O Minist\u00e9rio da Educa\u00e7\u00e3o (MEC) pagar\u00e1, a partir de ter\u00e7a-feira (25), a parcela de R$ 1 mil do P\u00e9-de-Meia a estudantes que participam do programa e que conclu\u00edram um dos tr\u00eas anos do ensino m\u00e9dio regular em escola p\u00fablica em 2024. Os pagamentos dessa parcela de incentivo \u00e0 conclus\u00e3o do curso seguem at\u00e9 quinta-feira (27), [&hellip;]<\/p>\n","protected":false},"author":2,"featured_media":348515,"comment_status":"closed","ping_status":"closed","sticky":false,"template":"","format":"standard","meta":{"_acf_changed":false,"footnotes":""},"categories":[165],"tags":[],"class_list":["post-348513","post","type-post","status-publish","format-standard","has-post-thumbnail","hentry","category-nordeste"],"acf":[],"_links":{"self":[{"href":"https:\/\/www.notibras.com\/site\/wp-json\/wp\/v2\/posts\/348513","targetHints":{"allow":["GET"]}}],"collection":[{"href":"https:\/\/www.notibras.com\/site\/wp-json\/wp\/v2\/posts"}],"about":[{"href":"https:\/\/www.notibras.com\/site\/wp-json\/wp\/v2\/types\/post"}],"author":[{"embeddable":true,"href":"https:\/\/www.notibras.com\/site\/wp-json\/wp\/v2\/users\/2"}],"replies":[{"embeddable":true,"href":"https:\/\/www.notibras.com\/site\/wp-json\/wp\/v2\/comments?post=348513"}],"version-history":[{"count":1,"href":"https:\/\/www.notibras.com\/site\/wp-json\/wp\/v2\/posts\/348513\/revisions"}],"predecessor-version":[{"id":348516,"href":"https:\/\/www.notibras.com\/site\/wp-json\/wp\/v2\/posts\/348513\/revisions\/348516"}],"wp:featuredmedia":[{"embeddable":true,"href":"https:\/\/www.notibras.com\/site\/wp-json\/wp\/v2\/media\/348515"}],"wp:attachment":[{"href":"https:\/\/www.notibras.com\/site\/wp-json\/wp\/v2\/media?parent=348513"}],"wp:term":[{"taxonomy":"category","embeddable":true,"href":"https:\/\/www.notibras.com\/site\/wp-json\/wp\/v2\/categories?post=348513"},{"taxonomy":"post_tag","embeddable":true,"href":"https:\/\/www.notibras.com\/site\/wp-json\/wp\/v2\/tags?post=348513"}],"curies":[{"name":"wp","href":"https:\/\/api.w.org\/{rel}","templated":true}]}}