{"id":348517,"date":"2025-02-21T00:46:30","date_gmt":"2025-02-21T03:46:30","guid":{"rendered":"https:\/\/www.notibras.com\/site\/?p=348517"},"modified":"2025-02-21T08:48:15","modified_gmt":"2025-02-21T11:48:15","slug":"celina-defende-tolerancia-zero-para-manter-bons-indices-de-seguranca","status":"publish","type":"post","link":"https:\/\/www.notibras.com\/site\/celina-defende-tolerancia-zero-para-manter-bons-indices-de-seguranca\/","title":{"rendered":"Celina defende toler\u00e2ncia zero para manter bons \u00edndices de seguran\u00e7a"},"content":{"rendered":"<p>A vice-governadora Celina Le\u00e3o participou da abertura da Reuni\u00e3o Ordin\u00e1ria do Conselho Nacional de Secret\u00e1rios de Seguran\u00e7a P\u00fablica (Consesp), na tarde desta quinta-feira (20), na Resid\u00eancia Oficial de \u00c1guas Claras. A 94\u00aa edi\u00e7\u00e3o do evento segue at\u00e9 a pr\u00f3xima sexta-feira (21), reunindo secret\u00e1rios de Seguran\u00e7a de todo o pa\u00eds.<\/p>\n<p>Em discurso na abertura do evento, Celina Le\u00e3o enfatizou a necessidade de se estar sempre alerta em rela\u00e7\u00e3o \u00e0 seguran\u00e7a p\u00fablica, a despeito dos resultados j\u00e1 conquistados. \u201cEsse \u00e9 um tema que, apesar de n\u00f3s termos \u00edndices muito positivos, o nosso desafio \u00e9 de nos superar. Essa \u00e9 um tema que voc\u00ea em nenhum momento pode negligenciar\u201d, disse, fazendo refer\u00eancia aos fatos de Bras\u00edlia ter sido apontada como a segunda capital mais segura do pa\u00eds no Atlas da Viol\u00eancia 2024 e de o Distrito Federal ter alcan\u00e7ado a menor taxa de homic\u00eddios dos \u00faltimos 48 anos.<\/p>\n<p>\u201cN\u00f3s cumprimos uma voca\u00e7\u00e3o que \u00e9 constitucional, somos a capital da Rep\u00fablica, o centro do Poder. Hoje n\u00f3s temos o privil\u00e9gio de ter o nosso secret\u00e1rio de Seguran\u00e7a [Sandro Avelar] como presidente desse Conselho e eu tenho certeza que isso se faz necess\u00e1rio, esse di\u00e1logo constante com o Minist\u00e9rio da Justi\u00e7a, com as pastas de outros estados, trazendo aquilo que \u00e9 positivo de experi\u00eancia para todos os secret\u00e1rios e trazendo reivindica\u00e7\u00f5es tamb\u00e9m ao Minist\u00e9rio da Justi\u00e7a, ao governo federal\u201d, acrescentou a vice-governadora.<\/p>\n<p>O secret\u00e1rio de Seguran\u00e7a P\u00fablica do DF, Sandro Avelar, que preside o Consesp, refor\u00e7ou a import\u00e2ncia do di\u00e1logo entre os diferentes entes. \u201cEsse encontro \u00e9 mais uma oportunidade de trazer impress\u00f5es dos governos estaduais, ouvindo o governo federal, que est\u00e1 sendo um grande parceiro nesse prop\u00f3sito da gente fazer essa soma de esfor\u00e7os para construir para o pa\u00eds uma seguran\u00e7a p\u00fablica cada vez melhor, cada vez mais s\u00f3lida\u201d, apontou. \u201cRecentemente, saiu uma pesquisa mostrando que a maior preocupa\u00e7\u00e3o do brasileiro \u00e9 a seguran\u00e7a p\u00fablica. Ent\u00e3o, esse di\u00e1logo do governo federal com os governos estaduais, que t\u00eam realidades muito distintas, \u00e9 important\u00edssimo para um pa\u00eds como o Brasil, com mais de 200 milh\u00f5es de habitantes, dimens\u00f5es continentais e diferentes realidades nos diversos estados.\u201d<\/p>\n<p>No encontro, o governo federal foi representado pelo secret\u00e1rio Nacional de Seguran\u00e7a P\u00fablica, Mario Sarrubbo, e pela secret\u00e1ria Nacional de Pol\u00edticas sobre Drogas, Marta Machado. Al\u00e9m de tamb\u00e9m pontuar a import\u00e2ncia do di\u00e1logo, Sarrubbo chamou a aten\u00e7\u00e3o para um dos temas que deve ser tratado nos dois dias de reuni\u00e3o: a padroniza\u00e7\u00e3o dos indicadores de crimes violentos usados pelas unidades da Federa\u00e7\u00e3o.<\/p>\n<p>\u201cEsses encontros s\u00e3o sempre muito positivos, eu e o secret\u00e1rio Sandro temos um entrosamento muito positivo, a troca de expertise \u00e9 sempre muito importante e tem temas que est\u00e3o sendo tratados aqui que s\u00e3o fundamentais, por exemplo, a padroniza\u00e7\u00e3o de dados, padroniza\u00e7\u00e3o de opera\u00e7\u00f5es, sempre respeitadas as autonomias dos estados. Mas \u00e9 um momento muito positivo e n\u00f3s sempre fazemos quest\u00e3o de participar, at\u00e9 porque muito do que se discute aqui acaba sendo uma pol\u00edtica adotada pelo pr\u00f3prio governo federal, porque a gente ouve quais s\u00e3o as necessidades dos estados\u201d, arrematou..<\/p>\n","protected":false},"excerpt":{"rendered":"<p>A vice-governadora Celina Le\u00e3o participou da abertura da Reuni\u00e3o Ordin\u00e1ria do Conselho Nacional de Secret\u00e1rios de Seguran\u00e7a P\u00fablica (Consesp), na tarde desta quinta-feira (20), na Resid\u00eancia Oficial de \u00c1guas Claras. A 94\u00aa edi\u00e7\u00e3o do evento segue at\u00e9 a pr\u00f3xima sexta-feira (21), reunindo secret\u00e1rios de Seguran\u00e7a de todo o pa\u00eds. Em discurso na abertura do evento, [&hellip;]<\/p>\n","protected":false},"author":2,"featured_media":348518,"comment_status":"closed","ping_status":"closed","sticky":false,"template":"","format":"standard","meta":{"_acf_changed":false,"footnotes":""},"categories":[161],"tags":[],"class_list":["post-348517","post","type-post","status-publish","format-standard","has-post-thumbnail","hentry","category-quadradinho-em-foco"],"acf":[],"_links":{"self":[{"href":"https:\/\/www.notibras.com\/site\/wp-json\/wp\/v2\/posts\/348517","targetHints":{"allow":["GET"]}}],"collection":[{"href":"https:\/\/www.notibras.com\/site\/wp-json\/wp\/v2\/posts"}],"about":[{"href":"https:\/\/www.notibras.com\/site\/wp-json\/wp\/v2\/types\/post"}],"author":[{"embeddable":true,"href":"https:\/\/www.notibras.com\/site\/wp-json\/wp\/v2\/users\/2"}],"replies":[{"embeddable":true,"href":"https:\/\/www.notibras.com\/site\/wp-json\/wp\/v2\/comments?post=348517"}],"version-history":[{"count":1,"href":"https:\/\/www.notibras.com\/site\/wp-json\/wp\/v2\/posts\/348517\/revisions"}],"predecessor-version":[{"id":348519,"href":"https:\/\/www.notibras.com\/site\/wp-json\/wp\/v2\/posts\/348517\/revisions\/348519"}],"wp:featuredmedia":[{"embeddable":true,"href":"https:\/\/www.notibras.com\/site\/wp-json\/wp\/v2\/media\/348518"}],"wp:attachment":[{"href":"https:\/\/www.notibras.com\/site\/wp-json\/wp\/v2\/media?parent=348517"}],"wp:term":[{"taxonomy":"category","embeddable":true,"href":"https:\/\/www.notibras.com\/site\/wp-json\/wp\/v2\/categories?post=348517"},{"taxonomy":"post_tag","embeddable":true,"href":"https:\/\/www.notibras.com\/site\/wp-json\/wp\/v2\/tags?post=348517"}],"curies":[{"name":"wp","href":"https:\/\/api.w.org\/{rel}","templated":true}]}}