{"id":348523,"date":"2025-02-21T00:00:47","date_gmt":"2025-02-21T03:00:47","guid":{"rendered":"https:\/\/www.notibras.com\/site\/?p=348523"},"modified":"2025-02-21T08:58:08","modified_gmt":"2025-02-21T11:58:08","slug":"pm-reforca-seguranca-no-pre-carnaval-com-orientacoes-para-folioes","status":"publish","type":"post","link":"https:\/\/www.notibras.com\/site\/pm-reforca-seguranca-no-pre-carnaval-com-orientacoes-para-folioes\/","title":{"rendered":"PM refor\u00e7a seguran\u00e7a no pr\u00e9-carnaval com orienta\u00e7\u00f5es para foli\u00f5es"},"content":{"rendered":"<p>Com a proximidade do Carnaval, milhares de foli\u00f5es se preparam para aproveitar os blocos de rua e as festividades do pr\u00e9-carnaval no Distrito Federal. Em meio \u00e0 anima\u00e7\u00e3o, a seguran\u00e7a deve ser uma das maiores preocupa\u00e7\u00f5es dos brasilienses. Para garantir que a festa seja aproveitada sem contratempos, a Pol\u00edcia Militar do DF (PMDF) refor\u00e7a a import\u00e2ncia de cuidados preventivos e estar\u00e1 com o efetivo completo nas ruas durante o feriado.<\/p>\n<p>O capit\u00e3o Ot\u00e1vio Munhoz, da PMDF, destaca que a seguran\u00e7a come\u00e7a antes mesmo de sair de casa: \u201cUm preparativo interessante \u00e9 saber qual o itiner\u00e1rio de blocos para n\u00e3o ter que decidir de \u00faltima hora. Tra\u00e7ar o trajeto e definir o meio de transporte ajuda a se programar e planejar todos os cen\u00e1rios\u201d, explica.<\/p>\n<p>A recomenda\u00e7\u00e3o \u00e9 dar prefer\u00eancia ao transporte p\u00fablico ou por aplicativo. Se for de carro e precisar estacionar em via p\u00fablica, evite deixar objetos de valor \u00e0 mostra nos ve\u00edculos.<\/p>\n<p>Durante a festa, o cuidado com pertences pessoais tamb\u00e9m \u00e9 essencial. \u201cLeve apenas um cart\u00e3o com limite pr\u00e9-estabelecido pela operadora para aquele evento. O celular deve ser guardado em uma doleira e utilizado apenas em emerg\u00eancias, evitando deix\u00e1-lo \u00e0 mostra\u201d, orienta Munhoz. Al\u00e9m disso, \u00e9 importante n\u00e3o aceitar bebidas de estranhos e, sempre que poss\u00edvel, estar acompanhado.<\/p>\n<p><strong>Aten\u00e7\u00e3o redobrada<\/strong><br \/>\nPara os foli\u00f5es que levam crian\u00e7as aos blocos, a PMDF refor\u00e7a a necessidade de identifica\u00e7\u00e3o. \u201cVamos fornecer pulseiras de identifica\u00e7\u00e3o nos blocos infantis, mas no site da PMDF tamb\u00e9m est\u00e1 dispon\u00edvel a carteirinha do minifoli\u00e3o. Jamais deixem as crian\u00e7as desacompanhadas, ainda que seja por um instante\u201d, alerta o capit\u00e3o.<\/p>\n<p>Na volta para casa, a aten\u00e7\u00e3o precisa ser redobrada, especialmente para quem consumiu bebidas alco\u00f3licas. \u201c\u00c9 natural estarem mais relaxados, mas a vigil\u00e2ncia deve ser constante para evitar situa\u00e7\u00f5es de risco\u201d, acrescenta.<\/p>\n<p>A PMDF estar\u00e1 com todo o seu efetivo mobilizado nos blocos autorizados pela Secretaria de Seguran\u00e7a P\u00fablica (SSP) para garantir a tranquilidade dos foli\u00f5es. Em caso de necessidade, a orienta\u00e7\u00e3o \u00e9 acionar o telefone 190 ou buscar um dos policiais presentes nos eventos. \u201cSe presenciar qualquer crime, como furto, roubo ou ass\u00e9dio, informe imediatamente a pol\u00edcia e relate o ocorrido\u201d, ressalta Munhoz.<\/p>\n<p>&nbsp;<\/p>\n","protected":false},"excerpt":{"rendered":"<p>Com a proximidade do Carnaval, milhares de foli\u00f5es se preparam para aproveitar os blocos de rua e as festividades do pr\u00e9-carnaval no Distrito Federal. Em meio \u00e0 anima\u00e7\u00e3o, a seguran\u00e7a deve ser uma das maiores preocupa\u00e7\u00f5es dos brasilienses. Para garantir que a festa seja aproveitada sem contratempos, a Pol\u00edcia Militar do DF (PMDF) refor\u00e7a a [&hellip;]<\/p>\n","protected":false},"author":2,"featured_media":348524,"comment_status":"closed","ping_status":"closed","sticky":false,"template":"","format":"standard","meta":{"_acf_changed":false,"footnotes":""},"categories":[161],"tags":[],"class_list":["post-348523","post","type-post","status-publish","format-standard","has-post-thumbnail","hentry","category-quadradinho-em-foco"],"acf":[],"_links":{"self":[{"href":"https:\/\/www.notibras.com\/site\/wp-json\/wp\/v2\/posts\/348523","targetHints":{"allow":["GET"]}}],"collection":[{"href":"https:\/\/www.notibras.com\/site\/wp-json\/wp\/v2\/posts"}],"about":[{"href":"https:\/\/www.notibras.com\/site\/wp-json\/wp\/v2\/types\/post"}],"author":[{"embeddable":true,"href":"https:\/\/www.notibras.com\/site\/wp-json\/wp\/v2\/users\/2"}],"replies":[{"embeddable":true,"href":"https:\/\/www.notibras.com\/site\/wp-json\/wp\/v2\/comments?post=348523"}],"version-history":[{"count":1,"href":"https:\/\/www.notibras.com\/site\/wp-json\/wp\/v2\/posts\/348523\/revisions"}],"predecessor-version":[{"id":348525,"href":"https:\/\/www.notibras.com\/site\/wp-json\/wp\/v2\/posts\/348523\/revisions\/348525"}],"wp:featuredmedia":[{"embeddable":true,"href":"https:\/\/www.notibras.com\/site\/wp-json\/wp\/v2\/media\/348524"}],"wp:attachment":[{"href":"https:\/\/www.notibras.com\/site\/wp-json\/wp\/v2\/media?parent=348523"}],"wp:term":[{"taxonomy":"category","embeddable":true,"href":"https:\/\/www.notibras.com\/site\/wp-json\/wp\/v2\/categories?post=348523"},{"taxonomy":"post_tag","embeddable":true,"href":"https:\/\/www.notibras.com\/site\/wp-json\/wp\/v2\/tags?post=348523"}],"curies":[{"name":"wp","href":"https:\/\/api.w.org\/{rel}","templated":true}]}}