{"id":34854,"date":"2015-01-24T09:40:03","date_gmt":"2015-01-24T12:40:03","guid":{"rendered":"http:\/\/www.notibras.com\/site\/?p=34854"},"modified":"2015-01-24T09:40:03","modified_gmt":"2015-01-24T12:40:03","slug":"correcao-dos-rumos-da-economia-vai-exigir-remedios-bem-amargos","status":"publish","type":"post","link":"https:\/\/www.notibras.com\/site\/correcao-dos-rumos-da-economia-vai-exigir-remedios-bem-amargos\/","title":{"rendered":"Corre\u00e7\u00e3o dos rumos da economia vai exigir rem\u00e9dios bem amargos"},"content":{"rendered":"<p>Nem melhor, nem pior: a economia brasileira dever\u00e1 seguir no mesmo compasso atual ao menos at\u00e9 o \u00faltimo bimestre do ano. O boletim Focus, do Banco Central, divulgado em 12 de janeiro, mostra que, com exce\u00e7\u00e3o da taxa de infla\u00e7\u00e3o, situada um pouco abaixo da margem superior da meta inflacionaria, os demais indicadores, inclusive o PIB, n\u00e3o s\u00e3o favor\u00e1veis.<\/p>\n<p>Mas mostra tamb\u00e9m que os dados desfavor\u00e1veis n\u00e3o evidenciam a imin\u00eancia de um desajuste na economia maior do que o vivido no \u00faltimo ano, ano e meio. Soa como se o respeitado documento semanal do BC confirmasse o que disse com franqueza, ainda no m\u00eas de dezembro, Joaquim Levy, ministro da Fazenda: em 2015 n\u00e3o haver\u00e1 crescimento nem a queda da infla\u00e7\u00e3o; mas ajustes, controle de gastos e racionaliza\u00e7\u00e3o das contas p\u00fablicas. S\u00e3o propostas sensatas que, se cumpridas, devolver\u00e3o confian\u00e7a a consumidores, empres\u00e1rios e investidores, pavimentando o terreno para uma futura retomada do crescimento.<\/p>\n<p>Nesse compasso, os agentes econ\u00f4micos tateiam a meia-marcha enquanto aguardam novas e efetivas a\u00e7\u00f5es das autoridades. Setores e segmentos produtivos reveem suas estrat\u00e9gias e formulam t\u00e1ticas de sobreviv\u00eancia em uma economia de baixa performance cujos ajustes, ainda que bem intencionados, ser\u00e3o mais pesados para uns do que para outros. O com\u00e9rcio varejista paulista acredita que vender\u00e1 mais 1,2% em 2015, ante retra\u00e7\u00e3o de 2% em 2014. N\u00e3o ser\u00e1 um crescimento uniforme, entretanto, pois as regi\u00f5es de maior concentra\u00e7\u00e3o demogr\u00e1fica e diversifica\u00e7\u00e3o continuar\u00e3o a perder vendas, como ocorreu no ano passado, enquanto o faturamento real continuar\u00e1 crescendo, no interior.<\/p>\n<p>O resultado positivo, ainda que modesto, do com\u00e9rcio varejista neste ano \u00e9 fact\u00edvel, tamb\u00e9m, devido a algumas circunst\u00e2ncias conjunturais verificadas no ano passado. As vendas de autom\u00f3veis, por exemplo, diminu\u00edram em 15%, enquanto o n\u00edvel de confian\u00e7a do consumidor ficou 19% menor, dois porcentuais que dificilmente se repetir\u00e3o em 2015.<\/p>\n<p>Por outro lado, em 2014, os pre\u00e7os subiram e a demanda e a renda ca\u00edram antecipando o ajuste que no decorrer deste ano ser\u00e1 feito em muitos setores. Este ajuste compreendeu, inclusive, a diminui\u00e7\u00e3o do cr\u00e9dito \u00e0 disposi\u00e7\u00e3o do consumidor, o aumento de seu custo e maior seletividade.<\/p>\n<blockquote><p>Outros ajustes al\u00e9m dos que j\u00e1 foram feitos no setor terci\u00e1rio poder\u00e3o ser complementados por outras medidas em gesta\u00e7\u00e3o na equipe econ\u00f4mica. O setor, entretanto, j\u00e1 se preparou e acredita, inclusive, que ser\u00e1 poss\u00edvel vencer o ano sem recorrer a uma das estrat\u00e9gias mais doloridas para superar as dificuldades: a dispensa de trabalhadores.<\/p><\/blockquote>\n<p>Nos demais setores econ\u00f4micos a perda de vagas pode ser uma realidade desagrad\u00e1vel quando os novos instrumentos de pol\u00edtica econ\u00f4mica estiverem em vigor, o que n\u00e3o deve demorar.<\/p>\n<p>A situa\u00e7\u00e3o atual da economia brasileira \u00e9 produto da insist\u00eancia do governo em uma pol\u00edtica de est\u00edmulo ao consumo que teve papel importante para mitigar os impactos da crise mundial de 2008 e 2009, mas cuja dura\u00e7\u00e3o foi al\u00e9m do necess\u00e1rio. Da\u00ed a demora em reconhecer os problemas conjunturais da economia.<\/p>\n<p>Como consequ\u00eancia, a corre\u00e7\u00e3o de rumo exigir\u00e1 rem\u00e9dios mais amargos, tais como a alta dos juros, cortes de gastos essenciais, cru\u00e9is aumentos de impostos, impacto negativo sobre o n\u00edvel de emprego.<\/p>\n<p>Diante do atual cen\u00e1rio, o principal desafio a ser enfrentado pela nova equipe econ\u00f4mica, portanto, \u00e9 a retomada da confian\u00e7a de consumidores e empres\u00e1rios &#8211; sem esta, nada de investimentos e, portanto, crescimento.<\/p>\n<p>\u00c9 necess\u00e1ria, entretanto, a ado\u00e7\u00e3o urgente de outras medidas que aprofundassem e perenizassem a prometida renova\u00e7\u00e3o econ\u00f4mica, tais como a simplifica\u00e7\u00e3o da tributa\u00e7\u00e3o, a reforma da previd\u00eancia, a diminui\u00e7\u00e3o (seria melhor a extin\u00e7\u00e3o, claro) da burocracia, menor n\u00famero de minist\u00e9rios e secretarias. Mas, j\u00e1 no in\u00edcio do jogo, perdemos a primeira oportunidade de gol: foi mantido o mesmo n\u00famero de minist\u00e9rios do governo anterior.<\/p>\n<p>O enxugamento do setor p\u00fablico, t\u00e3o hipertrofiado quanto ineficiente na gest\u00e3o de recursos, e cujos crit\u00e9rios de contrata\u00e7\u00e3o e de controle est\u00e3o muito aqu\u00e9m da efici\u00eancia dos que pautam o setor privado, \u00e9 t\u00e3o fundamental quanto repensar o papel do Estado na economia, pois contam-se aos montes as a\u00e7\u00f5es desastradas da interven\u00e7\u00e3o estatal no ambiente de neg\u00f3cios.<\/p>\n<p>\u00c9 preciso que a pol\u00edtica econ\u00f4mica de 2015 retome os par\u00e2metros corretos da economia para que tudo d\u00ea certo. \u00a0Desde o governo anterior os pressupostos cl\u00e1ssicos foram abandonados: a pol\u00edtica monet\u00e1ria e fiscal foi abandonada, o c\u00e2mbio entrou como vari\u00e1vel de est\u00edmulo \u00e0 produ\u00e7\u00e3o e o modelo de consumo adotado revelou-se incapaz de sustentar o crescimento.<\/p>\n<p>O descompasso entre as pol\u00edticas monet\u00e1ria e fiscal trouxe o descontrole inflacion\u00e1rio. A ado\u00e7\u00e3o de uma pol\u00edtica fiscal austera \u00e9 essencial no combate \u00e0 infla\u00e7\u00e3o e, evidentemente, na recupera\u00e7\u00e3o da confian\u00e7a dos mercados. S\u00e3o decis\u00f5es urgentes e fundamentais para que o pa\u00eds tenha acesso a investimentos, tecnologia e ganhos de produtividade em um ambiente de estabilidade econ\u00f4mica.<\/p>\n<p><strong>Abram Szajman<\/strong><\/p>\n","protected":false},"excerpt":{"rendered":"<p>Nem melhor, nem pior: a economia brasileira dever\u00e1 seguir no mesmo compasso atual ao menos at\u00e9 o \u00faltimo bimestre do ano. O boletim Focus, do Banco Central, divulgado em 12 de janeiro, mostra que, com exce\u00e7\u00e3o da taxa de infla\u00e7\u00e3o, situada um pouco abaixo da margem superior da meta inflacionaria, os demais indicadores, inclusive o [&hellip;]<\/p>\n","protected":false},"author":2,"featured_media":34855,"comment_status":"open","ping_status":"closed","sticky":false,"template":"","format":"standard","meta":{"_acf_changed":false,"footnotes":""},"categories":[25],"tags":[],"class_list":["post-34854","post","type-post","status-publish","format-standard","has-post-thumbnail","hentry","category-opina-ai"],"acf":[],"yoast_head":"<!-- This site is optimized with the Yoast SEO plugin v27.2 - https:\/\/yoast.com\/product\/yoast-seo-wordpress\/ -->\n<title>Corre\u00e7\u00e3o dos rumos da economia vai exigir rem\u00e9dios bem amargos - Notibras<\/title>\n<meta name=\"robots\" content=\"index, follow, max-snippet:-1, max-image-preview:large, max-video-preview:-1\" \/>\n<link rel=\"canonical\" href=\"https:\/\/www.notibras.com\/site\/correcao-dos-rumos-da-economia-vai-exigir-remedios-bem-amargos\/\" \/>\n<meta property=\"og:locale\" content=\"pt_BR\" \/>\n<meta property=\"og:type\" content=\"article\" \/>\n<meta property=\"og:title\" content=\"Corre\u00e7\u00e3o dos rumos da economia vai exigir rem\u00e9dios bem amargos - Notibras\" \/>\n<meta property=\"og:description\" content=\"Nem melhor, nem pior: a economia brasileira dever\u00e1 seguir no mesmo compasso atual ao menos at\u00e9 o \u00faltimo bimestre do ano. O boletim Focus, do Banco Central, divulgado em 12 de janeiro, mostra que, com exce\u00e7\u00e3o da taxa de infla\u00e7\u00e3o, situada um pouco abaixo da margem superior da meta inflacionaria, os demais indicadores, inclusive o [&hellip;]\" \/>\n<meta property=\"og:url\" content=\"https:\/\/www.notibras.com\/site\/correcao-dos-rumos-da-economia-vai-exigir-remedios-bem-amargos\/\" \/>\n<meta property=\"og:site_name\" content=\"Notibras\" \/>\n<meta property=\"article:publisher\" content=\"https:\/\/www.facebook.com\/notibras\/\" \/>\n<meta property=\"article:published_time\" content=\"2015-01-24T12:40:03+00:00\" \/>\n<meta property=\"og:image\" content=\"https:\/\/www.notibras.com\/site\/wp-content\/uploads\/2015\/01\/op1.jpg\" \/>\n\t<meta property=\"og:image:width\" content=\"720\" \/>\n\t<meta property=\"og:image:height\" content=\"460\" \/>\n\t<meta property=\"og:image:type\" content=\"image\/jpeg\" \/>\n<meta name=\"author\" content=\"Reda\u00e7\u00e3o\" \/>\n<meta name=\"twitter:card\" content=\"summary_large_image\" \/>\n<meta name=\"twitter:creator\" content=\"@Notibras\" \/>\n<meta name=\"twitter:site\" content=\"@Notibras\" \/>\n<meta name=\"twitter:label1\" content=\"Escrito por\" \/>\n\t<meta name=\"twitter:data1\" content=\"Reda\u00e7\u00e3o\" \/>\n\t<meta name=\"twitter:label2\" content=\"Est. tempo de leitura\" \/>\n\t<meta name=\"twitter:data2\" content=\"4 minutos\" \/>\n<script type=\"application\/ld+json\" class=\"yoast-schema-graph\">{\"@context\":\"https:\/\/schema.org\",\"@graph\":[{\"@type\":\"Article\",\"@id\":\"https:\/\/www.notibras.com\/site\/correcao-dos-rumos-da-economia-vai-exigir-remedios-bem-amargos\/#article\",\"isPartOf\":{\"@id\":\"https:\/\/www.notibras.com\/site\/correcao-dos-rumos-da-economia-vai-exigir-remedios-bem-amargos\/\"},\"author\":{\"name\":\"Reda\u00e7\u00e3o\",\"@id\":\"https:\/\/www.notibras.com\/site\/#\/schema\/person\/36ab0979449956132d3e5b517ea76ac8\"},\"headline\":\"Corre\u00e7\u00e3o dos rumos da economia vai exigir rem\u00e9dios bem amargos\",\"datePublished\":\"2015-01-24T12:40:03+00:00\",\"mainEntityOfPage\":{\"@id\":\"https:\/\/www.notibras.com\/site\/correcao-dos-rumos-da-economia-vai-exigir-remedios-bem-amargos\/\"},\"wordCount\":892,\"commentCount\":0,\"publisher\":{\"@id\":\"https:\/\/www.notibras.com\/site\/#organization\"},\"image\":{\"@id\":\"https:\/\/www.notibras.com\/site\/correcao-dos-rumos-da-economia-vai-exigir-remedios-bem-amargos\/#primaryimage\"},\"thumbnailUrl\":\"https:\/\/www.notibras.com\/site\/wp-content\/uploads\/2015\/01\/op1.jpg\",\"articleSection\":[\"Opina a\u00ed\"],\"inLanguage\":\"pt-BR\",\"potentialAction\":[{\"@type\":\"CommentAction\",\"name\":\"Comment\",\"target\":[\"https:\/\/www.notibras.com\/site\/correcao-dos-rumos-da-economia-vai-exigir-remedios-bem-amargos\/#respond\"]}]},{\"@type\":\"WebPage\",\"@id\":\"https:\/\/www.notibras.com\/site\/correcao-dos-rumos-da-economia-vai-exigir-remedios-bem-amargos\/\",\"url\":\"https:\/\/www.notibras.com\/site\/correcao-dos-rumos-da-economia-vai-exigir-remedios-bem-amargos\/\",\"name\":\"Corre\u00e7\u00e3o dos rumos da economia vai exigir rem\u00e9dios bem amargos - Notibras\",\"isPartOf\":{\"@id\":\"https:\/\/www.notibras.com\/site\/#website\"},\"primaryImageOfPage\":{\"@id\":\"https:\/\/www.notibras.com\/site\/correcao-dos-rumos-da-economia-vai-exigir-remedios-bem-amargos\/#primaryimage\"},\"image\":{\"@id\":\"https:\/\/www.notibras.com\/site\/correcao-dos-rumos-da-economia-vai-exigir-remedios-bem-amargos\/#primaryimage\"},\"thumbnailUrl\":\"https:\/\/www.notibras.com\/site\/wp-content\/uploads\/2015\/01\/op1.jpg\",\"datePublished\":\"2015-01-24T12:40:03+00:00\",\"breadcrumb\":{\"@id\":\"https:\/\/www.notibras.com\/site\/correcao-dos-rumos-da-economia-vai-exigir-remedios-bem-amargos\/#breadcrumb\"},\"inLanguage\":\"pt-BR\",\"potentialAction\":[{\"@type\":\"ReadAction\",\"target\":[\"https:\/\/www.notibras.com\/site\/correcao-dos-rumos-da-economia-vai-exigir-remedios-bem-amargos\/\"]}]},{\"@type\":\"ImageObject\",\"inLanguage\":\"pt-BR\",\"@id\":\"https:\/\/www.notibras.com\/site\/correcao-dos-rumos-da-economia-vai-exigir-remedios-bem-amargos\/#primaryimage\",\"url\":\"https:\/\/www.notibras.com\/site\/wp-content\/uploads\/2015\/01\/op1.jpg\",\"contentUrl\":\"https:\/\/www.notibras.com\/site\/wp-content\/uploads\/2015\/01\/op1.jpg\",\"width\":720,\"height\":460},{\"@type\":\"BreadcrumbList\",\"@id\":\"https:\/\/www.notibras.com\/site\/correcao-dos-rumos-da-economia-vai-exigir-remedios-bem-amargos\/#breadcrumb\",\"itemListElement\":[{\"@type\":\"ListItem\",\"position\":1,\"name\":\"In\u00edcio\",\"item\":\"https:\/\/www.notibras.com\/site\/\"},{\"@type\":\"ListItem\",\"position\":2,\"name\":\"Corre\u00e7\u00e3o dos rumos da economia vai exigir rem\u00e9dios bem amargos\"}]},{\"@type\":\"WebSite\",\"@id\":\"https:\/\/www.notibras.com\/site\/#website\",\"url\":\"https:\/\/www.notibras.com\/site\/\",\"name\":\"Notibras\",\"description\":\"Not\u00edcias de Bras\u00edlia, do Brasil e do Mundo\",\"publisher\":{\"@id\":\"https:\/\/www.notibras.com\/site\/#organization\"},\"potentialAction\":[{\"@type\":\"SearchAction\",\"target\":{\"@type\":\"EntryPoint\",\"urlTemplate\":\"https:\/\/www.notibras.com\/site\/?s={search_term_string}\"},\"query-input\":{\"@type\":\"PropertyValueSpecification\",\"valueRequired\":true,\"valueName\":\"search_term_string\"}}],\"inLanguage\":\"pt-BR\"},{\"@type\":\"Organization\",\"@id\":\"https:\/\/www.notibras.com\/site\/#organization\",\"name\":\"Grupo Notibras de Comunica\u00e7\u00e3o\",\"url\":\"https:\/\/www.notibras.com\/site\/\",\"logo\":{\"@type\":\"ImageObject\",\"inLanguage\":\"pt-BR\",\"@id\":\"https:\/\/www.notibras.com\/site\/#\/schema\/logo\/image\/\",\"url\":\"https:\/\/www.notibras.com\/site\/wp-content\/uploads\/2023\/01\/notibras23.png\",\"contentUrl\":\"https:\/\/www.notibras.com\/site\/wp-content\/uploads\/2023\/01\/notibras23.png\",\"width\":350,\"height\":87,\"caption\":\"Grupo Notibras de Comunica\u00e7\u00e3o\"},\"image\":{\"@id\":\"https:\/\/www.notibras.com\/site\/#\/schema\/logo\/image\/\"},\"sameAs\":[\"https:\/\/www.facebook.com\/notibras\/\",\"https:\/\/x.com\/Notibras\",\"https:\/\/www.instagram.com\/notibras\/\"]},{\"@type\":\"Person\",\"@id\":\"https:\/\/www.notibras.com\/site\/#\/schema\/person\/36ab0979449956132d3e5b517ea76ac8\",\"name\":\"Reda\u00e7\u00e3o\",\"image\":{\"@type\":\"ImageObject\",\"inLanguage\":\"pt-BR\",\"@id\":\"https:\/\/secure.gravatar.com\/avatar\/e0a867bdedb85fd243eadf09663511f96fc81e0720a4a42581f334ad4303aa6b?s=96&d=mm&r=g\",\"url\":\"https:\/\/secure.gravatar.com\/avatar\/e0a867bdedb85fd243eadf09663511f96fc81e0720a4a42581f334ad4303aa6b?s=96&d=mm&r=g\",\"contentUrl\":\"https:\/\/secure.gravatar.com\/avatar\/e0a867bdedb85fd243eadf09663511f96fc81e0720a4a42581f334ad4303aa6b?s=96&d=mm&r=g\",\"caption\":\"Reda\u00e7\u00e3o\"}}]}<\/script>\n<!-- \/ Yoast SEO plugin. -->","yoast_head_json":{"title":"Corre\u00e7\u00e3o dos rumos da economia vai exigir rem\u00e9dios bem amargos - Notibras","robots":{"index":"index","follow":"follow","max-snippet":"max-snippet:-1","max-image-preview":"max-image-preview:large","max-video-preview":"max-video-preview:-1"},"canonical":"https:\/\/www.notibras.com\/site\/correcao-dos-rumos-da-economia-vai-exigir-remedios-bem-amargos\/","og_locale":"pt_BR","og_type":"article","og_title":"Corre\u00e7\u00e3o dos rumos da economia vai exigir rem\u00e9dios bem amargos - Notibras","og_description":"Nem melhor, nem pior: a economia brasileira dever\u00e1 seguir no mesmo compasso atual ao menos at\u00e9 o \u00faltimo bimestre do ano. O boletim Focus, do Banco Central, divulgado em 12 de janeiro, mostra que, com exce\u00e7\u00e3o da taxa de infla\u00e7\u00e3o, situada um pouco abaixo da margem superior da meta inflacionaria, os demais indicadores, inclusive o [&hellip;]","og_url":"https:\/\/www.notibras.com\/site\/correcao-dos-rumos-da-economia-vai-exigir-remedios-bem-amargos\/","og_site_name":"Notibras","article_publisher":"https:\/\/www.facebook.com\/notibras\/","article_published_time":"2015-01-24T12:40:03+00:00","og_image":[{"width":720,"height":460,"url":"https:\/\/www.notibras.com\/site\/wp-content\/uploads\/2015\/01\/op1.jpg","type":"image\/jpeg"}],"author":"Reda\u00e7\u00e3o","twitter_card":"summary_large_image","twitter_creator":"@Notibras","twitter_site":"@Notibras","twitter_misc":{"Escrito por":"Reda\u00e7\u00e3o","Est. tempo de leitura":"4 minutos"},"schema":{"@context":"https:\/\/schema.org","@graph":[{"@type":"Article","@id":"https:\/\/www.notibras.com\/site\/correcao-dos-rumos-da-economia-vai-exigir-remedios-bem-amargos\/#article","isPartOf":{"@id":"https:\/\/www.notibras.com\/site\/correcao-dos-rumos-da-economia-vai-exigir-remedios-bem-amargos\/"},"author":{"name":"Reda\u00e7\u00e3o","@id":"https:\/\/www.notibras.com\/site\/#\/schema\/person\/36ab0979449956132d3e5b517ea76ac8"},"headline":"Corre\u00e7\u00e3o dos rumos da economia vai exigir rem\u00e9dios bem amargos","datePublished":"2015-01-24T12:40:03+00:00","mainEntityOfPage":{"@id":"https:\/\/www.notibras.com\/site\/correcao-dos-rumos-da-economia-vai-exigir-remedios-bem-amargos\/"},"wordCount":892,"commentCount":0,"publisher":{"@id":"https:\/\/www.notibras.com\/site\/#organization"},"image":{"@id":"https:\/\/www.notibras.com\/site\/correcao-dos-rumos-da-economia-vai-exigir-remedios-bem-amargos\/#primaryimage"},"thumbnailUrl":"https:\/\/www.notibras.com\/site\/wp-content\/uploads\/2015\/01\/op1.jpg","articleSection":["Opina a\u00ed"],"inLanguage":"pt-BR","potentialAction":[{"@type":"CommentAction","name":"Comment","target":["https:\/\/www.notibras.com\/site\/correcao-dos-rumos-da-economia-vai-exigir-remedios-bem-amargos\/#respond"]}]},{"@type":"WebPage","@id":"https:\/\/www.notibras.com\/site\/correcao-dos-rumos-da-economia-vai-exigir-remedios-bem-amargos\/","url":"https:\/\/www.notibras.com\/site\/correcao-dos-rumos-da-economia-vai-exigir-remedios-bem-amargos\/","name":"Corre\u00e7\u00e3o dos rumos da economia vai exigir rem\u00e9dios bem amargos - Notibras","isPartOf":{"@id":"https:\/\/www.notibras.com\/site\/#website"},"primaryImageOfPage":{"@id":"https:\/\/www.notibras.com\/site\/correcao-dos-rumos-da-economia-vai-exigir-remedios-bem-amargos\/#primaryimage"},"image":{"@id":"https:\/\/www.notibras.com\/site\/correcao-dos-rumos-da-economia-vai-exigir-remedios-bem-amargos\/#primaryimage"},"thumbnailUrl":"https:\/\/www.notibras.com\/site\/wp-content\/uploads\/2015\/01\/op1.jpg","datePublished":"2015-01-24T12:40:03+00:00","breadcrumb":{"@id":"https:\/\/www.notibras.com\/site\/correcao-dos-rumos-da-economia-vai-exigir-remedios-bem-amargos\/#breadcrumb"},"inLanguage":"pt-BR","potentialAction":[{"@type":"ReadAction","target":["https:\/\/www.notibras.com\/site\/correcao-dos-rumos-da-economia-vai-exigir-remedios-bem-amargos\/"]}]},{"@type":"ImageObject","inLanguage":"pt-BR","@id":"https:\/\/www.notibras.com\/site\/correcao-dos-rumos-da-economia-vai-exigir-remedios-bem-amargos\/#primaryimage","url":"https:\/\/www.notibras.com\/site\/wp-content\/uploads\/2015\/01\/op1.jpg","contentUrl":"https:\/\/www.notibras.com\/site\/wp-content\/uploads\/2015\/01\/op1.jpg","width":720,"height":460},{"@type":"BreadcrumbList","@id":"https:\/\/www.notibras.com\/site\/correcao-dos-rumos-da-economia-vai-exigir-remedios-bem-amargos\/#breadcrumb","itemListElement":[{"@type":"ListItem","position":1,"name":"In\u00edcio","item":"https:\/\/www.notibras.com\/site\/"},{"@type":"ListItem","position":2,"name":"Corre\u00e7\u00e3o dos rumos da economia vai exigir rem\u00e9dios bem amargos"}]},{"@type":"WebSite","@id":"https:\/\/www.notibras.com\/site\/#website","url":"https:\/\/www.notibras.com\/site\/","name":"Notibras","description":"Not\u00edcias de Bras\u00edlia, do Brasil e do Mundo","publisher":{"@id":"https:\/\/www.notibras.com\/site\/#organization"},"potentialAction":[{"@type":"SearchAction","target":{"@type":"EntryPoint","urlTemplate":"https:\/\/www.notibras.com\/site\/?s={search_term_string}"},"query-input":{"@type":"PropertyValueSpecification","valueRequired":true,"valueName":"search_term_string"}}],"inLanguage":"pt-BR"},{"@type":"Organization","@id":"https:\/\/www.notibras.com\/site\/#organization","name":"Grupo Notibras de Comunica\u00e7\u00e3o","url":"https:\/\/www.notibras.com\/site\/","logo":{"@type":"ImageObject","inLanguage":"pt-BR","@id":"https:\/\/www.notibras.com\/site\/#\/schema\/logo\/image\/","url":"https:\/\/www.notibras.com\/site\/wp-content\/uploads\/2023\/01\/notibras23.png","contentUrl":"https:\/\/www.notibras.com\/site\/wp-content\/uploads\/2023\/01\/notibras23.png","width":350,"height":87,"caption":"Grupo Notibras de Comunica\u00e7\u00e3o"},"image":{"@id":"https:\/\/www.notibras.com\/site\/#\/schema\/logo\/image\/"},"sameAs":["https:\/\/www.facebook.com\/notibras\/","https:\/\/x.com\/Notibras","https:\/\/www.instagram.com\/notibras\/"]},{"@type":"Person","@id":"https:\/\/www.notibras.com\/site\/#\/schema\/person\/36ab0979449956132d3e5b517ea76ac8","name":"Reda\u00e7\u00e3o","image":{"@type":"ImageObject","inLanguage":"pt-BR","@id":"https:\/\/secure.gravatar.com\/avatar\/e0a867bdedb85fd243eadf09663511f96fc81e0720a4a42581f334ad4303aa6b?s=96&d=mm&r=g","url":"https:\/\/secure.gravatar.com\/avatar\/e0a867bdedb85fd243eadf09663511f96fc81e0720a4a42581f334ad4303aa6b?s=96&d=mm&r=g","contentUrl":"https:\/\/secure.gravatar.com\/avatar\/e0a867bdedb85fd243eadf09663511f96fc81e0720a4a42581f334ad4303aa6b?s=96&d=mm&r=g","caption":"Reda\u00e7\u00e3o"}}]}},"amp_enabled":true,"_links":{"self":[{"href":"https:\/\/www.notibras.com\/site\/wp-json\/wp\/v2\/posts\/34854","targetHints":{"allow":["GET"]}}],"collection":[{"href":"https:\/\/www.notibras.com\/site\/wp-json\/wp\/v2\/posts"}],"about":[{"href":"https:\/\/www.notibras.com\/site\/wp-json\/wp\/v2\/types\/post"}],"author":[{"embeddable":true,"href":"https:\/\/www.notibras.com\/site\/wp-json\/wp\/v2\/users\/2"}],"replies":[{"embeddable":true,"href":"https:\/\/www.notibras.com\/site\/wp-json\/wp\/v2\/comments?post=34854"}],"version-history":[{"count":0,"href":"https:\/\/www.notibras.com\/site\/wp-json\/wp\/v2\/posts\/34854\/revisions"}],"wp:featuredmedia":[{"embeddable":true,"href":"https:\/\/www.notibras.com\/site\/wp-json\/wp\/v2\/media\/34855"}],"wp:attachment":[{"href":"https:\/\/www.notibras.com\/site\/wp-json\/wp\/v2\/media?parent=34854"}],"wp:term":[{"taxonomy":"category","embeddable":true,"href":"https:\/\/www.notibras.com\/site\/wp-json\/wp\/v2\/categories?post=34854"},{"taxonomy":"post_tag","embeddable":true,"href":"https:\/\/www.notibras.com\/site\/wp-json\/wp\/v2\/tags?post=34854"}],"curies":[{"name":"wp","href":"https:\/\/api.w.org\/{rel}","templated":true}]}}